{"id":43443,"date":"2024-07-25T14:16:56","date_gmt":"2024-07-25T12:16:56","guid":{"rendered":"https:\/\/social24horas.com\/?p=43443"},"modified":"2024-07-26T16:11:33","modified_gmt":"2024-07-26T14:11:33","slug":"las-amistades-mas-entranables-las-conexiones-mas-recordadas-rosa-chacel-de-cerca","status":"publish","type":"post","link":"https:\/\/social24horas.com\/las-amistades-mas-entranables-las-conexiones-mas-recordadas-rosa-chacel-de-cerca\/","title":{"rendered":"Las amistades m\u00e1s entra\u00f1ables, las conexiones m\u00e1s recordadas: Rosa Chacel de cerca"},"content":{"rendered":"<p>Las relaciones que una persona mantiene con su entorno tambi\u00e9n la definen. Se cumplen treinta a\u00f1os de la muerte de la escritora vallisoletana Rosa Chacel, y Social24Horas, dentro de la serie de art\u00edculos dedicados a ella (el primero se centr\u00f3 en sus <a href=\"https:\/\/social24horas.com\/rosa-chacel-y-su-acto-de-impaciencia-diarios-intimos-de-la-autora-mas-enigmatica\/\">diarios \u00edntimos<\/a>), plantea un mapa con sus amistades m\u00e1s entra\u00f1ables y sus conexiones m\u00e1s recordadas.<\/p>\n<p>Comenzando por el principio, hubo una \u00e9poca en la que Rosa Chacel quiso ser escultora. Su gran pasi\u00f3n era la escultura cl\u00e1sica, sobre todo la griega. Para formarse, estudi\u00f3 en la Escuela de Artes y Oficios (en la madrile\u00f1a calle de La Palma), primero, y en la Real Academia de Bellas Artes de San Fernando, en la calle de Alcal\u00e1, despu\u00e9s. En esta \u00faltima impart\u00eda la asignatura de Est\u00e9tica de las Bellas Artes Ram\u00f3n Mar\u00eda del Valle-Incl\u00e1n. Tras ver c\u00f3mo su generaci\u00f3n caminaba en sentido opuesto a ese arte cl\u00e1sico que ella amaba, Chacel se fue desencantando poco a poco del mundo de la escultura. Abandon\u00f3 la escuela pero se llev\u00f3 algo para siempre: en esas aulas hab\u00eda conocido al que ser\u00eda el gran amor de su vida, el pintor Timoteo P\u00e9rez Rubio, futuro esposo y padre de su \u00fanico hijo, Carlos.<\/p>\n<p>Los a\u00f1os de la Real Academia de Bellas Artes de San Fernando dieron paso a los de los c\u00edrculos literarios del Ateneo, con la revista <em>Ultra<\/em> por bandera, su primer trampol\u00edn. Los textos que en esa publicaci\u00f3n firm\u00f3 llamaron la atenci\u00f3n nada m\u00e1s y nada menos que de Jos\u00e9 Ortega y Gasset, a quien la vallisoletana conoci\u00f3 antes de conocer su obra. Ortega la convoc\u00f3 para publicar en la <em>Revista de Occidente<\/em>, lo cual la colocaba a otro nivel. Fue una relaci\u00f3n de maestro y disc\u00edpula en un mundo machista en el que Chacel tuvo que abrise paso a codazos.<\/p>\n<p>\u201cOrtega ten\u00eda, adem\u00e1s de ciertas virtudes como el conocimiento y la cultura, el don de la autoridad. La autorizad le emanaba de su persona\u201d, coment\u00f3 en cierta ocasi\u00f3n la autora en una conferencia junto a Clara Jan\u00e9s en la Universidad de Granada. \u201cSu autoridad estaba en el aire, en el Ultra, en todas partes. Impon\u00eda el rigor, la verdad en la lengua, evitar toda forma innecesaria, llegar a la perfecci\u00f3n de la prosa\u201d.<\/p>\n<p>Ortega y Gasset la respet\u00f3 como a pocas escritoras, hasta el punto de incluirla en el ramillete de autores que firmar\u00edan las obras de la colecci\u00f3n \u201cVidas Espa\u00f1olas e Hispanoamericanas del Siglo XIX\u201d, que el fil\u00f3sofo y ensayista coordinaba en la editorial Espasa-Calpe. A Chacel, Ortega le encarg\u00f3 en 1930 la obra <em>Teresa<\/em>, biograf\u00eda de Teresa Mancha, la que fuera amante de Jos\u00e9 de Espronceda. El proceso de creaci\u00f3n fue lento y el texto solo pudo estar finalizado en 1936, justo cuando comenz\u00f3 la Guerra Civil Espa\u00f1ola. <em>Teresa<\/em> acabar\u00eda viendo la luz cinco a\u00f1os m\u00e1s tarde, en Buenos Aires, fuera de la colecci\u00f3n.<\/p>\n<p>Las primeras explosiones de la guerra hicieron que Timo se alistara como voluntario, para defender la Rep\u00fablica, y que Rosa firmara el <em>Manifiesto de los Intelectuales Antifascistas<\/em>, junto a personalidades de la talla de Mar\u00eda Zambrano, Miguel Hern\u00e1ndez, Mar\u00eda Teresa Le\u00f3n, Luis Bu\u00f1uel, Ram\u00f3n J. Sender y Manuel Altolaguirre, entre otros. En el distinguido grupo sobresal\u00eda el que por aquel entonces ya era Premio Nacional de Poes\u00eda: Rafael Alberti. Chacel y Alberti se entendieron bien desde el principio, y compartieron pasajes importantes de los meses m\u00e1s duros. El de El Puerto de Santa Mar\u00eda form\u00f3 parte de la Junta Central del Tesoro Art\u00edstico Nacional, que, dirigida por Timoteo, tuvo como misi\u00f3n salvar de las bombas las obras del Museo del Prado y otras riquezas culturales de un pa\u00eds roto (custodiaron todo hasta Valencia y luego lo sacaron de Espa\u00f1a rumbo a Suiza).<\/p>\n<p>Alberti, como Chacel, tambi\u00e9n durmi\u00f3 lejos de casa durante cuatro d\u00e9cadas. La pucelana le dedic\u00f3 al portuense el soneto <em>A la orilla de un pozo <\/em>(\u201cCuando la mar est\u00e9 bajo tu almohada&#8230;\u201d), en un libro que le public\u00f3 Altolaguirre (con pr\u00f3logo de Juan Ram\u00f3n Jim\u00e9nez, que la acog\u00eda, con sus frases, en el grupo de los m\u00e1s grandes).<\/p>\n<p>De las charlas y conferencias de la Alianza de Intelectuales Antifascistas le surgi\u00f3 a Chacel otro gran amigo: el poeta sevillano Luis Cernuda. Fue la suya una amistad que super\u00f3 la distancia del exilio. Ella le defin\u00eda a \u00e9l como \u201cdif\u00edcil, complicado, enrevesado\u201d, con unas cualidades \u201cincalculables\u201d y un car\u00e1cter que \u201cera un demonio y era un l\u00edo, un abismo\u201d. Pero que tambi\u00e9n era un encanto: \u201cTodo era noble, todo era perfecto\u201d.<\/p>\n<p>En Brasil, la vallisoletana sinti\u00f3 aprecio y cari\u00f1o por la poeta chilena Gabriela Mistral, pocos a\u00f1os antes de que esta fuera galardonada con el Premio Nobel de literatura. Mistral, por aquel entonces, ejerc\u00eda como c\u00f3nsul (fue la primera mujer en ocupar este cargo diplom\u00e1tico en el Gobierno de Chile) en Niter\u00f3i y Petr\u00f3polis, ciudades del estado de R\u00edo de Janeiro. Fue tal la cercan\u00eda entre las familias de ambas literatas (Chacel conoc\u00eda a muy poca gente en sus primeros a\u00f1os de la etapa brasile\u00f1a) y tan buena la conexi\u00f3n entre sus hijos, Carlos y Yin Yin, que el hijo de Rosa pas\u00f3 incluso temporadas viviendo en Petr\u00f3polis, con Mistral.<\/p>\n<p>Por desgracia, Yin Yin (Mistral siempre se refiri\u00f3 a \u00e9l como un sobrino que conviv\u00eda con ella como un hijo adoptado, pero en realidad era hijo carnal) arrastraba una profunda depresi\u00f3n desde hac\u00eda un tiempo. Educado en Europa, nunca lleg\u00f3 a adaptarse a Brasil. El 14 de agosto de 1943, a los 18 a\u00f1os, se suicid\u00f3.<\/p>\n<p>Rosa Chacel dej\u00f3 literatura de enorme calidad en todas las obras que public\u00f3, y tambi\u00e9n en todas las cartas que coloc\u00f3 en el buz\u00f3n. Muchas fueron a su amigo Cernuda, pero se cuentan por decenas las que envi\u00f3, por ejemplo, a su amiga Victoria Kent (a quien conoci\u00f3 en Nueva York) y a Juli\u00e1n Mar\u00edas.<\/p>\n<p>A pesar de esta lista de relevantes relaciones de Rosa Chacel, no se puede decir que fuera sencillo llegar cerca de ella, conseguir cierta proximidad. No era ese el caso tampoco de Clarice Lispector, veintid\u00f3s a\u00f1os menos que ella, a quien visit\u00f3 en su domicilio de R\u00edo de Janeiro en los a\u00f1os sesenta. De all\u00ed pudo surgir otra amistad que ilustrara este art\u00edculo pero lo que en realidad se hizo c\u00e9lebre fue su resumen tras la velada y la definici\u00f3n que dej\u00f3 para la historia de la autora ucraniana-brasile\u00f1a: \u201cNo es una mujer, es una pantera\u201d.<\/p>\n<p>Menci\u00f3n especial merece el otro gran autor vallisoletano del siglo XX: Miguel Delibes. \u00c9l (que todos los premios que ya acumulaba los hab\u00eda ganado cuando ella estaba muy lejos) organiz\u00f3 el conmovedor homenaje que la ciudad, de la mano del peri\u00f3dico <em>El Norte de Castilla<\/em>, le dedic\u00f3 a Chacel en su visita de junio de 1971. Un recorrido pormenorizado, repartido en varios d\u00edas, a los lugares sagrados de la vida de la autora. Delibes y su esposa, \u00c1ngeles de Castro, no se separaron de Rosa en ning\u00fan momento. Los dos grandes referentes de la literatura vallisoletana descansan juntos hoy en el Pante\u00f3n de Vallisoletanos Ilustres del cementerio municipal de El Carmen.<\/p>\n<p>&nbsp;<\/p>\n<p>V.D.L.<\/p>\n","protected":false},"excerpt":{"rendered":"<p>Las relaciones que una persona mantiene con su entorno tambi\u00e9n la definen. Se cumplen treinta a\u00f1os de la muerte de la escritora vallisoletana Rosa Chacel, y Social24Horas, dentro de la serie de art\u00edculos dedicados a ella (el primero se centr\u00f3 en sus diarios \u00edntimos), plantea un mapa con sus amistades m\u00e1s entra\u00f1ables y sus conexiones [&hellip;]<\/p>\n","protected":false},"author":19,"featured_media":43444,"comment_status":"open","ping_status":"open","sticky":false,"template":"","format":"standard","meta":{"_acf_changed":false,"footnotes":""},"categories":[1,702],"tags":[937,909,936,938,933,932,934,935,904],"ppma_author":[705],"class_list":{"0":"post-43443","1":"post","2":"type-post","3":"status-publish","4":"format-standard","5":"has-post-thumbnail","7":"category-nacional","8":"category-ocio-y-cultura-valladolid","9":"tag-antifascistas","10":"tag-exilio","11":"tag-gabriela-mistral","12":"tag-guerra-civil","13":"tag-luis-cernuda","14":"tag-miguel-delibes","15":"tag-ortega-y-gasset","16":"tag-rafael-alberti","17":"tag-rosa-chacel"},"acf":[],"authors":[{"term_id":705,"user_id":19,"is_guest":0,"slug":"redaccionvalladolid","display_name":"Redacci\u00f3n Valladolid","avatar_url":{"url":"https:\/\/social24horas.com\/contenidos\/uploads\/2024\/02\/redaccion-logo.webp","url2x":"https:\/\/social24horas.com\/contenidos\/uploads\/2024\/02\/redaccion-logo.webp"},"first_name":"","user_url":"","last_name":"","job_title":"","description":""}],"_links":{"self":[{"href":"https:\/\/social24horas.com\/api\/wp\/v2\/posts\/43443","targetHints":{"allow":["GET"]}}],"collection":[{"href":"https:\/\/social24horas.com\/api\/wp\/v2\/posts"}],"about":[{"href":"https:\/\/social24horas.com\/api\/wp\/v2\/types\/post"}],"author":[{"embeddable":true,"href":"https:\/\/social24horas.com\/api\/wp\/v2\/users\/19"}],"replies":[{"embeddable":true,"href":"https:\/\/social24horas.com\/api\/wp\/v2\/comments?post=43443"}],"version-history":[{"count":3,"href":"https:\/\/social24horas.com\/api\/wp\/v2\/posts\/43443\/revisions"}],"predecessor-version":[{"id":43454,"href":"https:\/\/social24horas.com\/api\/wp\/v2\/posts\/43443\/revisions\/43454"}],"wp:featuredmedia":[{"embeddable":true,"href":"https:\/\/social24horas.com\/api\/wp\/v2\/media\/43444"}],"wp:attachment":[{"href":"https:\/\/social24horas.com\/api\/wp\/v2\/media?parent=43443"}],"wp:term":[{"taxonomy":"category","embeddable":true,"href":"https:\/\/social24horas.com\/api\/wp\/v2\/categories?post=43443"},{"taxonomy":"post_tag","embeddable":true,"href":"https:\/\/social24horas.com\/api\/wp\/v2\/tags?post=43443"},{"taxonomy":"author","embeddable":true,"href":"https:\/\/social24horas.com\/api\/wp\/v2\/ppma_author?post=43443"}],"curies":[{"name":"wp","href":"https:\/\/api.w.org\/{rel}","templated":true}]}}