{"id":43422,"date":"2024-07-23T21:13:13","date_gmt":"2024-07-23T19:13:13","guid":{"rendered":"https:\/\/social24horas.com\/?p=43422"},"modified":"2024-07-23T21:37:57","modified_gmt":"2024-07-23T19:37:57","slug":"principales-herramientas-y-medidas-contra-la-violencia-de-genero-en-valladolid","status":"publish","type":"post","link":"https:\/\/social24horas.com\/principales-herramientas-y-medidas-contra-la-violencia-de-genero-en-valladolid\/","title":{"rendered":"Principales herramientas y medidas contra la violencia de g\u00e9nero en Valladolid"},"content":{"rendered":"<p>Muy cerca ya del nuevo Pacto de Estado contra la Violencia de G\u00e9nero (Ana Redondo, ministra de Igualdad, lo ha anunciado para los meses de octubre o noviembre), es conveniente recordar todas las f\u00f3rmulas de apoyo y herramientas que actualmente puede utilizar una mujer en Valladolid cuando se enfrenta a una situaci\u00f3n de estas caracter\u00edsticas.<\/p>\n<p>En la capital provincial, el primer punto de apoyo y el m\u00e1s importante es el marco legal trazado por el VI Plan Municipal Integral de Igualdad y Contra la Violencia de G\u00e9nero. De este documento parten todas las medidas preventivas, de protecci\u00f3n, incluido el asesoramiento psicol\u00f3gico y jur\u00eddico. Se puede descargar desde <a href=\"https:\/\/www.valladolid.es\/es\/ayuntamiento\/normativa\/vi-plan-municipal-integral-igualdad-violencia-genero.ficheros\/670269-b%20VI%20plan%20violencia%20genero.pdf\" target=\"_blank\" rel=\"noopener\">este enlace<\/a>.<\/p>\n<p>A la hora de poner una denuncia, el tr\u00e1mite debe ser realizado en la Polic\u00eda Municipal, contactando con el Servicio de Atenci\u00f3n a V\u00edctimas de Violencia de G\u00e9nero en el tel\u00e9fono 092 o en la Avda. de Burgos, 3; en la Polic\u00eda Nacional, dirigi\u00e9ndose al Servicio de Atenci\u00f3n a la Mujer en el tel\u00e9fono 091 o en c\/ Gerona, s\/n, o en la Guardia Civil, hablando con el Equipo de Atenci\u00f3n a la Mujer y al Menor en el 062 o en Avda. de Soria, 3.<\/p>\n<p>Tambi\u00e9n en los juzgados se podr\u00e1 solicitar asesoramiento jur\u00eddico y asistencia, denunciar por agresi\u00f3n, solicitar una orden de protecci\u00f3n, una demanda de separaci\u00f3n o divorcio y otras medidas judiciales. Para contactar con el Juzgado de Guardia [Colegio de Abogados], el tel\u00e9fono de emergencias (24 horas) es el 639 700 486. El Juzgado de violencia sobre la mujer N\u00ba 1 atiende en los tel\u00e9fonos 983 459 515 y 983 413 460.<\/p>\n<p>La documentaci\u00f3n municipal sobre violencia de g\u00e9nero aporta consejos clave para los momentos m\u00e1s dif\u00edciles y decisivos: \u201cMarcharte de la vivienda por temor a que tu pareja atente contra tu integridad f\u00edsica o ps\u00edquica, o contra la de vuestros hijos\/as, no se considera abandono del hogar. Eso s\u00ed, es obligatorio presentar una denuncia del maltrato o una demanda de separaci\u00f3n, preferiblemente el mismo d\u00eda del abandono\u201d. Para las mujeres que no cuentan con un plan b de alojamiento (ni familiares ni amigos), hay planes de ayuda en este aspecto.<\/p>\n<p>En el resto de municipios de la provincia, la Diputaci\u00f3n de Valladolid cuenta con casas de acogida (alojamientos temporales para aquellas mujeres y sus hijos e hijas que tienen que abandonar su domicilio); asistencia jur\u00eddica y puntos de encuentro (espacios en los que que se garantiza que el r\u00e9gimen de visitas establecido en medidas judiciales se realiza con las medidas de seguridad y control necesarias para los hijos e hijas de las v\u00edctimas).<\/p>\n<p>El acceso a estos servicios es a trav\u00e9s de los Centros de Acci\u00f3n Social. Actualmente hay trece de estos espacios repartidos por la provincia: Simancas, La Cist\u00e9rniga, \u00cdscar, Nava del Rey, Olmedo, Pe\u00f1afiel, Tudela de Duero, Portillo, Serrada, Villal\u00f3n de Campos, Medina de Rioseco, Tordesillas y Cigales.<\/p>\n<p>\u00bfY qu\u00e9 hacer para ayudar a una mujer que es v\u00edctima o puede llegar a ser v\u00edctima de violencia de g\u00e9nero? Como recomienda el Ayuntamiento de Valladolid, hay que tener claros una serie de conceptos b\u00e1sicos: no pensar que es un problema \u00fanicamente de la pareja; si el problema es visible, no esperar a que ella pida ayuda; hacerla entender que no es culpable de la situaci\u00f3n que est\u00e1 viviendo; planear junto con ella estrategias para conseguir romper la relaci\u00f3n, si as\u00ed lo ha decidido, y ayudarla a buscar ayuda profesional.<\/p>\n<p>En paralelo a la labor de las instituciones p\u00fablicas, existe tambi\u00e9n apoyo de asociaciones que dedican su vida a este tipo de cuestiones. Es el caso de la Asociaci\u00f3n de Asistencia a V\u00edctimas de Agresiones Sexuales y Malos Tratos (<a href=\"https:\/\/adavasymt.org\/\" target=\"_blank\" rel=\"noopener\">ADAVASYMT<\/a>). La instituci\u00f3n, con treinta a\u00f1os de recorrido, cuenta con un tel\u00e9fono de asistencia (983 350 023), un tel\u00e9fono para urgencias, 24 horas (606 79 23 98), asistencia social, despacho jur\u00eddico y gabinete psicol\u00f3gico. Asimismo, organizan cursos de formaci\u00f3n, jornadas y conferencias para continuar concienciando a la poblaci\u00f3n sobre una de las mayores heridas de nuestra sociedad.<\/p>\n<p>&nbsp;<\/p>\n","protected":false},"excerpt":{"rendered":"<p>Muy cerca ya del nuevo Pacto de Estado contra la Violencia de G\u00e9nero (Ana Redondo, ministra de Igualdad, lo ha anunciado para los meses de octubre o noviembre), es conveniente recordar todas las f\u00f3rmulas de apoyo y herramientas que actualmente puede utilizar una mujer en Valladolid cuando se enfrenta a una situaci\u00f3n de estas caracter\u00edsticas. [&hellip;]<\/p>\n","protected":false},"author":19,"featured_media":43423,"comment_status":"open","ping_status":"open","sticky":false,"template":"","format":"standard","meta":{"_acf_changed":false,"footnotes":""},"categories":[697],"tags":[924,923,922,925,920,921],"ppma_author":[705],"class_list":{"0":"post-43422","1":"post","2":"type-post","3":"status-publish","4":"format-standard","5":"has-post-thumbnail","7":"category-valladolid","8":"tag-agresion-sexual","9":"tag-feminismo","10":"tag-machismo","11":"tag-pacto-estado","12":"tag-violencia-de-genero","13":"tag-violencia-machista"},"acf":[],"authors":[{"term_id":705,"user_id":19,"is_guest":0,"slug":"redaccionvalladolid","display_name":"Redacci\u00f3n Valladolid","avatar_url":{"url":"https:\/\/social24horas.com\/contenidos\/uploads\/2024\/02\/redaccion-logo.webp","url2x":"https:\/\/social24horas.com\/contenidos\/uploads\/2024\/02\/redaccion-logo.webp"},"first_name":"","user_url":"","last_name":"","job_title":"","description":""}],"_links":{"self":[{"href":"https:\/\/social24horas.com\/api\/wp\/v2\/posts\/43422","targetHints":{"allow":["GET"]}}],"collection":[{"href":"https:\/\/social24horas.com\/api\/wp\/v2\/posts"}],"about":[{"href":"https:\/\/social24horas.com\/api\/wp\/v2\/types\/post"}],"author":[{"embeddable":true,"href":"https:\/\/social24horas.com\/api\/wp\/v2\/users\/19"}],"replies":[{"embeddable":true,"href":"https:\/\/social24horas.com\/api\/wp\/v2\/comments?post=43422"}],"version-history":[{"count":1,"href":"https:\/\/social24horas.com\/api\/wp\/v2\/posts\/43422\/revisions"}],"predecessor-version":[{"id":43424,"href":"https:\/\/social24horas.com\/api\/wp\/v2\/posts\/43422\/revisions\/43424"}],"wp:featuredmedia":[{"embeddable":true,"href":"https:\/\/social24horas.com\/api\/wp\/v2\/media\/43423"}],"wp:attachment":[{"href":"https:\/\/social24horas.com\/api\/wp\/v2\/media?parent=43422"}],"wp:term":[{"taxonomy":"category","embeddable":true,"href":"https:\/\/social24horas.com\/api\/wp\/v2\/categories?post=43422"},{"taxonomy":"post_tag","embeddable":true,"href":"https:\/\/social24horas.com\/api\/wp\/v2\/tags?post=43422"},{"taxonomy":"author","embeddable":true,"href":"https:\/\/social24horas.com\/api\/wp\/v2\/ppma_author?post=43422"}],"curies":[{"name":"wp","href":"https:\/\/api.w.org\/{rel}","templated":true}]}}