{"id":43358,"date":"2024-07-18T01:03:07","date_gmt":"2024-07-17T23:03:07","guid":{"rendered":"https:\/\/social24horas.com\/?p=43358"},"modified":"2024-07-18T17:15:07","modified_gmt":"2024-07-18T15:15:07","slug":"las-peliculas-de-cine-de-verano-seran-subtituladas-para-hacerlas-accesibles-a-todas-las-personas","status":"publish","type":"post","link":"https:\/\/social24horas.com\/las-peliculas-de-cine-de-verano-seran-subtituladas-para-hacerlas-accesibles-a-todas-las-personas\/","title":{"rendered":"Las pel\u00edculas de Cine de Verano ser\u00e1n subtituladas para hacerlas accesibles a todas las personas"},"content":{"rendered":"<p>La Concejal\u00eda de Acci\u00f3n y Promoci\u00f3n Cultural del Ayuntamiento de Le\u00f3n ha programado una nueva edici\u00f3n del Cine de Verano con la proyecci\u00f3n de nueve pel\u00edculas las noches de los jueves de los meses de julio, agosto y septiembre al aire libre en el paseo de Quintanilla, con acceso gratuito. Las protecciones ser\u00e1n a las 22:30 horas, a excepci\u00f3n de las programadas para el mes de septiembre, que comenzar\u00e1n media hora antes.<\/p>\n<p>Desde el Consejo Municipal para la Discapacidad de la Concejal\u00eda de Bienestar Social, y a trav\u00e9s del Defensor de las Personas con Discapacidad, se ha promovido que las proyecciones sean accesibles para todos los ciudadanos. As\u00ed, las pel\u00edculas estar\u00e1n subtituladas para que las personas problemas auditivos tambi\u00e9n puedan disfrutar del &#8216;Cine de verano&#8217;. Adem\u00e1s, se reservar\u00e1 un espacio en las primeras filas para facilitar una mejor visi\u00f3n.<\/p>\n<p>Cine de Verano es una iniciativa que ha tenido muy buena aceptaci\u00f3n en ediciones anteriores. Incluida en la programaci\u00f3n del Festival de Verano Le\u00f3n Cuna del Parlamentarismo que se est\u00e1 desarrollando en la ciudad con distintas propuestas, ya comenz\u00f3 el pasado 11 de julio con la pel\u00edcula <em>As bestas<\/em>.<\/p>\n<p>El ciclo Cine de Verano contin\u00faa hoy jueves con la pel\u00edcula <em>La vuelta al mundo en 80 d\u00edas<\/em> (a\u00f1o 1956). Las siguientes pel\u00edculas que se van a proyectar son el 1 de agosto, <em>El padre<\/em>; el 8 de agosto se proyectar\u00e1 <em>Matria<\/em>; el 15 de agosto, <em>Competencia oficial<\/em>; el 22 de agosto, <em>Billy Elliot (Quiero bailar)<\/em>; el 29 de agosto, <em>Bajo terapia<\/em>; el 5 de septiembre, <em>La familia B\u00e8lier,<\/em> y el 12 de septiembre, <em>La librer\u00eda<\/em>.<\/p>\n","protected":false},"excerpt":{"rendered":"<p>La Concejal\u00eda de Acci\u00f3n y Promoci\u00f3n Cultural del Ayuntamiento de Le\u00f3n ha programado una nueva edici\u00f3n del Cine de Verano con la proyecci\u00f3n de nueve pel\u00edculas las noches de los jueves de los meses de julio, agosto y septiembre al aire libre en el paseo de Quintanilla, con acceso gratuito. Las protecciones ser\u00e1n a las [&hellip;]<\/p>\n","protected":false},"author":3,"featured_media":43359,"comment_status":"open","ping_status":"open","sticky":false,"template":"","format":"standard","meta":{"_acf_changed":false,"footnotes":""},"categories":[329],"tags":[902,869,903],"ppma_author":[32],"class_list":{"0":"post-43358","1":"post","2":"type-post","3":"status-publish","4":"format-standard","5":"has-post-thumbnail","7":"category-bienestar-social-leon","8":"tag-accesibilidad","9":"tag-cine-de-verano","10":"tag-subtituladas"},"acf":[],"authors":[{"term_id":32,"user_id":3,"is_guest":0,"slug":"redaccionleon","display_name":"Redacci\u00f3n Le\u00f3n","avatar_url":{"url":"https:\/\/social24horas.com\/contenidos\/uploads\/2024\/02\/redaccion-logo.webp","url2x":"https:\/\/social24horas.com\/contenidos\/uploads\/2024\/02\/redaccion-logo.webp"},"first_name":"","user_url":"","last_name":"","job_title":"","description":""}],"_links":{"self":[{"href":"https:\/\/social24horas.com\/api\/wp\/v2\/posts\/43358","targetHints":{"allow":["GET"]}}],"collection":[{"href":"https:\/\/social24horas.com\/api\/wp\/v2\/posts"}],"about":[{"href":"https:\/\/social24horas.com\/api\/wp\/v2\/types\/post"}],"author":[{"embeddable":true,"href":"https:\/\/social24horas.com\/api\/wp\/v2\/users\/3"}],"replies":[{"embeddable":true,"href":"https:\/\/social24horas.com\/api\/wp\/v2\/comments?post=43358"}],"version-history":[{"count":3,"href":"https:\/\/social24horas.com\/api\/wp\/v2\/posts\/43358\/revisions"}],"predecessor-version":[{"id":43362,"href":"https:\/\/social24horas.com\/api\/wp\/v2\/posts\/43358\/revisions\/43362"}],"wp:featuredmedia":[{"embeddable":true,"href":"https:\/\/social24horas.com\/api\/wp\/v2\/media\/43359"}],"wp:attachment":[{"href":"https:\/\/social24horas.com\/api\/wp\/v2\/media?parent=43358"}],"wp:term":[{"taxonomy":"category","embeddable":true,"href":"https:\/\/social24horas.com\/api\/wp\/v2\/categories?post=43358"},{"taxonomy":"post_tag","embeddable":true,"href":"https:\/\/social24horas.com\/api\/wp\/v2\/tags?post=43358"},{"taxonomy":"author","embeddable":true,"href":"https:\/\/social24horas.com\/api\/wp\/v2\/ppma_author?post=43358"}],"curies":[{"name":"wp","href":"https:\/\/api.w.org\/{rel}","templated":true}]}}