{"id":43325,"date":"2024-07-16T18:30:59","date_gmt":"2024-07-16T16:30:59","guid":{"rendered":"https:\/\/social24horas.com\/?p=43325"},"modified":"2024-07-16T19:25:43","modified_gmt":"2024-07-16T17:25:43","slug":"el-mundo-del-reves-cuarenta-anos-despues","status":"publish","type":"post","link":"https:\/\/social24horas.com\/el-mundo-del-reves-cuarenta-anos-despues\/","title":{"rendered":"El mundo del rev\u00e9s cuarenta a\u00f1os despu\u00e9s"},"content":{"rendered":"<p>Por la fecha y la hora (19:00), por el paraje (un parque estupendo), por el calor y por el ambiente jaranero previo a un nuevo t\u00edtulo de la selecci\u00f3n espa\u00f1ola, lo de Celtas Cortos en el festival El Milanito m\u00e1s que un concierto fue un animado p\u00edcnic. Y ellos lo comprendieron muy bien. Fue una parada m\u00e1s en la celebraci\u00f3n del cuarenta aniversario de la banda.<\/p>\n<p>Comenzaron los m\u00fasicos pucelanos sobre el propio c\u00e9sped, disfrutando de la actuaci\u00f3n previa, la de unos vecinos llegados directamente desde el barrio de Pajarillos: Imperativo Legal. Y gozaron de lo lindo. Los de Chema Vicente salieron de la hibernaci\u00f3n durante hora y cuarto. Fueron repasando c\u00e9lebres ca\u00f1onazos antisistema, anticapitalistas y antitodo incluidos en tres \u00e1lbumes que ya son de culto, cobijados por dos centenares de personas que (alto forastero, nunca debiste cruzar el r\u00edo Esgueva) se las sab\u00edan de carrerilla.<\/p>\n<p>Ya con Celtas Cortos sobre el escenario de El Milanito, el festejo alcanz\u00f3 la hora de la merienda con la frescura intacta de unos cuantos de sus grandes \u00e9xitos de sus discos de finales de los ochenta y los noventa, y dos nuevas perlas que han pulido en el siglo XXI: <em>Retales de una vida<\/em> y <em>Silencio<\/em> (superan estas, sin duda, a algunas de las cl\u00e1sicas, y eso es muy buena noticia).<\/p>\n<p>Con cuatro d\u00e9cadas de furgoneta, tendr\u00edan soluciones de sobra para organizar cuatro o cinco repertorios diferentes, sin embargo, ya desde hace tiempo decidieron que las canciones que firm\u00f3 Jes\u00fas Cifuentes en su disco en solitario <em>El Caim\u00e1n Verde<\/em> (1995) tambi\u00e9n ser\u00edan incluidas. <em>Qu\u00e9 dir\u00e1 la gente<\/em> lo fue desde el principio, y en Zarat\u00e1n le lleg\u00f3 el momento a <em>Bang bang<\/em> (otra de las de aquel \u00e1lbum que aparece de vez en cuando en su selecci\u00f3n es <em>Ska del paro<\/em>).<\/p>\n<p>Algunos audaces montajes de v\u00eddeo ayudaron a colorear el show. Fue el caso de <em>Legi\u00f3n de mudos<\/em>, el lado m\u00e1s rock del LP <em>En estos d\u00edas inciertos<\/em>. Ese \u00e1lbum de 1996 fue el m\u00e1s revisitado de una tarde en la que la cerveza artesanal iba y ven\u00eda en manos de gente que acababa de salir de la piscina o de lanzar a sus cr\u00edos desde la tirolina. Son cuarenta tacos para los Celtas, pero tambi\u00e9n para sus seguidores.<\/p>\n<p>Por supuesto tambi\u00e9n hubo hueco para lo m\u00e1s nuevo, con el en\u00e9rgico tema que da t\u00edtulo a su m\u00e1s reciente trabajo, <em>El mundo del rev\u00e9s<\/em>, publicado en abril. Tres minutos que funcionaron a la perfecci\u00f3n y que el cantante aprovech\u00f3 para enviar a los all\u00ed presentes al puesto de merchandising a hacer algo que hac\u00edan en su \u00e9poca los aztecas: comprar un compact disc.<\/p>\n<p>Cifu ten\u00eda prisa por encajar todas las canciones que fuera posible antes de que arrancara la final de la Eurocopa (seguimos siendo \u201cun pa\u00eds de Don Bal\u00f3n\u201d), as\u00ed que se salt\u00f3 presentaciones, introducciones y los parloteos que forman parte de la idiosincrasia de sus puestas en escena, pero cuando tuvo que dejar alg\u00fan mensaje, lo dej\u00f3, como en <em>El emigrante<\/em>: \u201cQue se lo digan a la madre de Nico Williams. O de Yamal\u201d, coment\u00f3 tras un estribillo, en referencia a los j\u00f3venes jugadores que, minutos despu\u00e9s, triunfar\u00edan en Berl\u00edn.<\/p>\n<p>Durante la actuaci\u00f3n, llam\u00f3 la atenci\u00f3n la presencia en las primeras filas del exbajista \u00d3scar Garc\u00eda, uno de los fundadores del combo, que abandon\u00f3 la banda hace unos a\u00f1os por problemas de salud. En los \u00faltimos compases de la velada, result\u00f3 entra\u00f1able (m\u00e1s a\u00fan trat\u00e1ndose de un aniversario tan redondo) verle primero entre bastidores, y luego ya de lleno en acci\u00f3n, en plena faena, con su bajo, acompa\u00f1ando de nuevo a sus antiguos camaradas (Goyo Yeves, Alberto Garc\u00eda, Jos\u00e9 Sendino) en un par de canciones.<\/p>\n<p>Son de la casa, y, aun as\u00ed, siempre hay alguien que, aunque parezca mentira, les ve en directo por primera vez. Esos no se pueden ir a casa sin el <em>20 de abril<\/em>, <em>La senda del tiempo<\/em> y <em>Cu\u00e9ntame un cuento<\/em>. No tendr\u00eda perd\u00f3n de Dios. Por eso, s\u00ed, esas tambi\u00e9n las tocaron bajo el sol de Zarat\u00e1n: la primera al borde del minuto 90 y las otras dos en la pr\u00f3rroga.<\/p>\n<p>V.D.L.<\/p>\n","protected":false},"excerpt":{"rendered":"<p>Por la fecha y la hora (19:00), por el paraje (un parque estupendo), por el calor y por el ambiente jaranero previo a un nuevo t\u00edtulo de la selecci\u00f3n espa\u00f1ola, lo de Celtas Cortos en el festival El Milanito m\u00e1s que un concierto fue un animado p\u00edcnic. Y ellos lo comprendieron muy bien. Fue una [&hellip;]<\/p>\n","protected":false},"author":19,"featured_media":43326,"comment_status":"open","ping_status":"open","sticky":false,"template":"","format":"standard","meta":{"_acf_changed":false,"footnotes":""},"categories":[1,702],"tags":[895,846,894,872,897,896,849],"ppma_author":[705],"class_list":{"0":"post-43325","1":"post","2":"type-post","3":"status-publish","4":"format-standard","5":"has-post-thumbnail","7":"category-nacional","8":"category-ocio-y-cultura-valladolid","9":"tag-20-de-abril","10":"tag-celtas-cortos","11":"tag-cuentame-un-cuento","12":"tag-el-milanito","13":"tag-jesus-cifuentes","14":"tag-senda-del-tiempo","15":"tag-zaratan"},"acf":[],"authors":[{"term_id":705,"user_id":19,"is_guest":0,"slug":"redaccionvalladolid","display_name":"Redacci\u00f3n Valladolid","avatar_url":{"url":"https:\/\/social24horas.com\/contenidos\/uploads\/2024\/02\/redaccion-logo.webp","url2x":"https:\/\/social24horas.com\/contenidos\/uploads\/2024\/02\/redaccion-logo.webp"},"first_name":"","user_url":"","last_name":"","job_title":"","description":""}],"_links":{"self":[{"href":"https:\/\/social24horas.com\/api\/wp\/v2\/posts\/43325","targetHints":{"allow":["GET"]}}],"collection":[{"href":"https:\/\/social24horas.com\/api\/wp\/v2\/posts"}],"about":[{"href":"https:\/\/social24horas.com\/api\/wp\/v2\/types\/post"}],"author":[{"embeddable":true,"href":"https:\/\/social24horas.com\/api\/wp\/v2\/users\/19"}],"replies":[{"embeddable":true,"href":"https:\/\/social24horas.com\/api\/wp\/v2\/comments?post=43325"}],"version-history":[{"count":4,"href":"https:\/\/social24horas.com\/api\/wp\/v2\/posts\/43325\/revisions"}],"predecessor-version":[{"id":43340,"href":"https:\/\/social24horas.com\/api\/wp\/v2\/posts\/43325\/revisions\/43340"}],"wp:featuredmedia":[{"embeddable":true,"href":"https:\/\/social24horas.com\/api\/wp\/v2\/media\/43326"}],"wp:attachment":[{"href":"https:\/\/social24horas.com\/api\/wp\/v2\/media?parent=43325"}],"wp:term":[{"taxonomy":"category","embeddable":true,"href":"https:\/\/social24horas.com\/api\/wp\/v2\/categories?post=43325"},{"taxonomy":"post_tag","embeddable":true,"href":"https:\/\/social24horas.com\/api\/wp\/v2\/tags?post=43325"},{"taxonomy":"author","embeddable":true,"href":"https:\/\/social24horas.com\/api\/wp\/v2\/ppma_author?post=43325"}],"curies":[{"name":"wp","href":"https:\/\/api.w.org\/{rel}","templated":true}]}}