{"id":43256,"date":"2024-07-11T19:41:42","date_gmt":"2024-07-11T17:41:42","guid":{"rendered":"https:\/\/social24horas.com\/?p=43256"},"modified":"2024-07-13T12:20:43","modified_gmt":"2024-07-13T10:20:43","slug":"elisa-rodriguez-la-huida-hacia-delante-de-la-sutileza","status":"publish","type":"post","link":"https:\/\/social24horas.com\/elisa-rodriguez-la-huida-hacia-delante-de-la-sutileza\/","title":{"rendered":"Elisa Rodr\u00edguez: la huida hacia delante de la sutileza"},"content":{"rendered":"<p>Va por el mundo siempre con rotuladores en el bolso por si necesita dejar su huella en una pared. Elisa Rodr\u00edguez (Medina del Campo, 1988), afincada en Madrid, est\u00e1 pasando estos meses en Linz (Austria), en un programa de artistas en residencia, pero puede estar tambi\u00e9n en Yogyakarta (Indonesia), empap\u00e1ndose de la t\u00e9cnica del batik, o en Vilnius (Lituania), especializ\u00e1ndose con los m\u00e1s importantes maestros de la Europa del Este.<\/p>\n<p>Es la de Elisa Rodr\u00edguez una huida hacia delante, cansada ya de estar demasiado ocupada sobreviviendo, \u201cbuscando el sustento\u201d; harta de que le dijeran que lo que deb\u00eda hacer era \u201csacarse unas oposiciones\u201d y, en su tiempo libre, pintar. Lo explica sosegadamente por videoconferencia desde su taller austriaco, exprimiendo al m\u00e1ximo una convocatoria de <a href=\"https:\/\/www.valladolid.es\/es\/temas\/hacemos\/creart-network-of-cities-for-artistic-creation\" target=\"_blank\" rel=\"noopener\">CreArt<\/a> (Red de Ciudades por la Creaci\u00f3n Art\u00edstica). Hace un tiempo sinti\u00f3 que necesitaba dedicarse al arte en cuerpo y alma, concentrarse en su creaci\u00f3n. Y para eso, recuerda, \u201chay que pensar, leer, ver exposiciones. Y tambi\u00e9n tenemos que no hacer nada. No hacer nada es muy importante\u201d.<\/p>\n<p>La medinense respir\u00f3 cultura en casa desde que gateaba: jugaba con el barro mientras su madre, la escultora Bel\u00e9n Gonz\u00e1lez, inventaba figuras imposibles. Estudi\u00f3 Bellas Artes, profundiz\u00f3 en la pintura. Todo parec\u00eda guionizado y, sin embargo, su conexi\u00f3n con el arte urbano le lleg\u00f3 de la forma m\u00e1s imprevista. En 2011, a Elisa Rodr\u00edguez, como a muchos otros, el movimiento 15-M le sac\u00f3 del tedio, tambi\u00e9n desde lo art\u00edstico. Se fijaba en las pintadas que comenzaron a aparecer en los carteles publicitarios del Metro de Madrid, en las proclamas espont\u00e1neas. \u201cAquello empez\u00f3 a darme ideas de intervenciones en anuncios\u201d, recuerda. \u201cLas empresas cuentan con espacios publicitarios. Sin embargo, nosotros, \u00bfd\u00f3nde tenemos el espacio en la calle para expresarnos?\u201d.<\/p>\n<p>De repente aparece clandestinamente un escarabajo en una tapia, un erizo en una puerta, una mariposa en una tapa de registro o un sapo junto a una ca\u00f1er\u00eda. Ella lo llama salir a bichear. No entiende el arte urbano como algo espectacular, \u201csino como algo m\u00e1s sutil, relacionado con las peque\u00f1as cosas\u201d. Y tambi\u00e9n como algo excitante: el cosquilleo de lo ilegal.<\/p>\n<figure id=\"attachment_43262\" aria-describedby=\"caption-attachment-43262\" style=\"width: 2560px\" class=\"wp-caption alignnone\"><img data-dominant-color=\"81796d\" data-has-transparency=\"false\" style=\"--dominant-color: #81796d;\" loading=\"lazy\" loading=\"lazy\" decoding=\"async\" class=\"size-full wp-image-43262 not-transparent\" src=\"https:\/\/social24horas.com\/contenidos\/uploads\/2024\/07\/Serie-Sabandijas-2019_foto-Ivan-Trasgu-scaled.webp\" alt=\"Serie Sabandijas, 2019. Foto: Iva\u0301n Trasgu.\" width=\"2560\" height=\"1707\" \/><figcaption id=\"caption-attachment-43262\" class=\"wp-caption-text\">Serie Sabandijas, 2019. Foto: Iva\u0301n Trasgu.<\/figcaption><\/figure>\n<p>Todo tiene sus pros y sus contras. Pintar legalmente, que lo prob\u00f3 despu\u00e9s, te permite acceder a lugares muy apetecibles. Y aqu\u00ed surge la duda: una vez que pintas por lo legal, con apoyo de instituciones culturales, de empresas o de la Administraci\u00f3n P\u00fablica, \u00bfse puede regresar a lo ilegal? \u00bfO es ya un camino sin retorno? \u201cSe puede volver, s\u00ed\u201d, contesta con rotundidad, mientras muestra con picard\u00eda los rotuladores que siempre la acompa\u00f1an, como si de un arma blanca se tratara.<\/p>\n<p>El trabajo en el estudio o en el taller suele ser una tarea solitaria. La calle, en la clandestinidad, es otra cosa: \u201cSe busca al transe\u00fante, demostrar que el arte puede salir de los museos y las galer\u00edas\u201d. Y m\u00e1s diferente todav\u00eda es pintar en p\u00fablico, algo a lo que Elisa Rodr\u00edguez se ha dedicado en los \u00faltimos a\u00f1os. \u201cCuando est\u00e1s sola en el estudio no existe el formato tiempo. En vivo y en directo tienes que romper los moldes que hay en tu cabeza\u201d.<\/p>\n<p>As\u00ed, rodeada de gente girando, riendo y bailando swing, por ejemplo, ha conocido la sensaci\u00f3n del aplauso, palabra ajena al diccionario de una pintora. \u201cEl arte tiene mucho que ver con la comunicaci\u00f3n\u201d, se\u00f1ala. \u201cTambi\u00e9n con las personas, con el di\u00e1logo y con el proceso. Me interesa el arte como instrumento social\u201d. Sus l\u00e1pices son capaces de registrar la tranquilidad de un p\u00e1jaro posado en una ventana, o de pintar semejante ajetreo en la sala de baile, y a contrarreloj.<\/p>\n<p>Las influencias que le han ayudado a ser lo que es hoy, como buena viajera curiosa e inquieta que es, son dispares: \u201cMuchos de los artistas que me gustan hacen cosas muy diferentes a m\u00ed\u201d. El madrile\u00f1o Ignacio P\u00e9rez-Jofre, \u201cporque me dio la idea de pintar en la calle con pincel fino\u201d; el checo Ji\u0159\u00ed Kovanda, \u201cpor sus acciones sutiles en el espacio urbano, que buscan el encuentro casual\u201d, y Francis Al\u00ffs, artista belga residente en M\u00e9xico, \u201cpor su idea del arte como pr\u00e1ctica social, rompiendo lo cotidiano\u201d.<\/p>\n<p>Pero por mucho que viaje, explore o huya hacia delante, Elisa Rodr\u00edguez siempre retorna a Valladolid. All\u00ed fue una de las fundadoras de la plataforma Mujeres Artistas Profesionales (<a href=\"https:\/\/www.mapva.es\/\" target=\"_blank\" rel=\"noopener\">MAPVA<\/a>), y all\u00ed, en la que siempre ser\u00e1 su ciudad, fue transformada hace dos d\u00e9cadas en una estatua de bronce de m\u00e1s de tres metros en la plaza de las Batallas: <em>Elisa leyendo<\/em>. La autora: Bel\u00e9n Gonz\u00e1lez, la misma que le dejaba embarrarse de peque\u00f1a mientras ella trabajaba. \u201cQue conste que no es un monumento a m\u00ed\u201d, bromea, medio disculp\u00e1ndose por tama\u00f1a honra. Su madre busc\u00f3 expresar que el hecho de ver a alguien leer, hace que te entren ganas de leer. No pudo encontrar mejor modelo: una ni\u00f1a que antes de crear sus propias obras no se cans\u00f3 de devorar las obras que crearon otros.<\/p>\n<p>V.D.L.<\/p>\n<figure id=\"attachment_43263\" aria-describedby=\"caption-attachment-43263\" style=\"width: 2560px\" class=\"wp-caption alignnone\"><img data-dominant-color=\"b0b2aa\" data-has-transparency=\"false\" style=\"--dominant-color: #b0b2aa;\" loading=\"lazy\" loading=\"lazy\" decoding=\"async\" class=\"size-full wp-image-43263 not-transparent\" src=\"https:\/\/social24horas.com\/contenidos\/uploads\/2024\/07\/Intervencion-en-el-parque-Tomas-R-Bolanos-Valladolid-scaled.webp\" alt=\"Intervencio\u0301n en el parque Toma\u0301s Rodr\u00edguez Bolan\u0303os (Valladolid)\" width=\"2560\" height=\"1439\" \/><figcaption id=\"caption-attachment-43263\" class=\"wp-caption-text\">Intervencio\u0301n en el parque Toma\u0301s Rodr\u00edguez Bolan\u0303os (Valladolid)<\/figcaption><\/figure>\n","protected":false},"excerpt":{"rendered":"<p>Va por el mundo siempre con rotuladores en el bolso por si necesita dejar su huella en una pared. Elisa Rodr\u00edguez (Medina del Campo, 1988), afincada en Madrid, est\u00e1 pasando estos meses en Linz (Austria), en un programa de artistas en residencia, pero puede estar tambi\u00e9n en Yogyakarta (Indonesia), empap\u00e1ndose de la t\u00e9cnica del batik, [&hellip;]<\/p>\n","protected":false},"author":19,"featured_media":43261,"comment_status":"open","ping_status":"open","sticky":false,"template":"","format":"standard","meta":{"_acf_changed":false,"footnotes":""},"categories":[1,697],"tags":[865,866,867,868,864,850],"ppma_author":[705],"class_list":{"0":"post-43256","1":"post","2":"type-post","3":"status-publish","4":"format-standard","5":"has-post-thumbnail","7":"category-nacional","8":"category-valladolid","9":"tag-arte-urbano","10":"tag-arte-valladolid","11":"tag-batik","12":"tag-creart","13":"tag-elisa-rodriguez","14":"tag-valladolid"},"acf":[],"authors":[{"term_id":705,"user_id":19,"is_guest":0,"slug":"redaccionvalladolid","display_name":"Redacci\u00f3n Valladolid","avatar_url":{"url":"https:\/\/social24horas.com\/contenidos\/uploads\/2024\/02\/redaccion-logo.webp","url2x":"https:\/\/social24horas.com\/contenidos\/uploads\/2024\/02\/redaccion-logo.webp"},"first_name":"","user_url":"","last_name":"","job_title":"","description":""}],"_links":{"self":[{"href":"https:\/\/social24horas.com\/api\/wp\/v2\/posts\/43256","targetHints":{"allow":["GET"]}}],"collection":[{"href":"https:\/\/social24horas.com\/api\/wp\/v2\/posts"}],"about":[{"href":"https:\/\/social24horas.com\/api\/wp\/v2\/types\/post"}],"author":[{"embeddable":true,"href":"https:\/\/social24horas.com\/api\/wp\/v2\/users\/19"}],"replies":[{"embeddable":true,"href":"https:\/\/social24horas.com\/api\/wp\/v2\/comments?post=43256"}],"version-history":[{"count":5,"href":"https:\/\/social24horas.com\/api\/wp\/v2\/posts\/43256\/revisions"}],"predecessor-version":[{"id":43282,"href":"https:\/\/social24horas.com\/api\/wp\/v2\/posts\/43256\/revisions\/43282"}],"wp:featuredmedia":[{"embeddable":true,"href":"https:\/\/social24horas.com\/api\/wp\/v2\/media\/43261"}],"wp:attachment":[{"href":"https:\/\/social24horas.com\/api\/wp\/v2\/media?parent=43256"}],"wp:term":[{"taxonomy":"category","embeddable":true,"href":"https:\/\/social24horas.com\/api\/wp\/v2\/categories?post=43256"},{"taxonomy":"post_tag","embeddable":true,"href":"https:\/\/social24horas.com\/api\/wp\/v2\/tags?post=43256"},{"taxonomy":"author","embeddable":true,"href":"https:\/\/social24horas.com\/api\/wp\/v2\/ppma_author?post=43256"}],"curies":[{"name":"wp","href":"https:\/\/api.w.org\/{rel}","templated":true}]}}