{"id":43228,"date":"2024-07-10T01:52:28","date_gmt":"2024-07-09T23:52:28","guid":{"rendered":"https:\/\/social24horas.com\/?p=43228"},"modified":"2024-07-10T01:59:38","modified_gmt":"2024-07-09T23:59:38","slug":"asamblea-ciclista-de-valladolid-30-anos-pedaleando-por-todos","status":"publish","type":"post","link":"https:\/\/social24horas.com\/asamblea-ciclista-de-valladolid-30-anos-pedaleando-por-todos\/","title":{"rendered":"Asamblea Ciclista de Valladolid: 30 a\u00f1os pedaleando por todos"},"content":{"rendered":"<p>La Asamblea Ciclista de Valladolid (<a href=\"https:\/\/asambleaciclista.com\/\" target=\"_blank\" rel=\"noopener\">ASCIVA<\/a>) cumple treinta a\u00f1os con m\u00e1s energ\u00eda en las piernas que nunca, pedaleando hacia el futuro, de reivindicaci\u00f3n en reivindicaci\u00f3n; siempre con entereza y compa\u00f1erismo, que es lo que se respira en las tradicionales citas de la Masa Cr\u00edtica, el primer viernes de cada mes a las 20:00 en la plaza Mayor.<\/p>\n<p>Y siempre avanzando en las proclamas. En los \u00faltimos meses, ASCIVA sigue resistiendo e insistiendo en su documento <em>Plan de Infraestructura Ciclista de <\/em><em>Valladolid- Manual T\u00e9cnico. <\/em>Seg\u00fan la veterana entidad, que trata de poner su granito de arena a la hora de repensar la movilidad de la ciudad y la calidad de vida de los vecinos, \u00abotras ciudades europeas con condiciones similares disfrutan de un uso masivo de la bicicleta, ya que en ellas se ha dado un apoyo enorme a su utilizaci\u00f3n, creando una buena infraestructura segregada y conectada\u00bb.<\/p>\n<p>En el <a href=\"https:\/\/asambleaciclista.com\/wp-content\/uploads\/2024\/03\/Manual_tecnico_plan_ciclista_asciva.pdf\" target=\"_blank\" rel=\"noopener\">documento<\/a>, ASCIVA explica que\u00a0\u00abla estrategia ciclista planteada hasta ahora ha sido err\u00f3nea y un fracaso. La implantaci\u00f3n de tramos concretos que ampl\u00edan m\u00ednimamente la red no ha conseguido elevar la movilidad ciclista significativamente. Sevilla es un ejemplo de lo que s\u00ed que hay que hacer: una implantaci\u00f3n masiva en un corto plazo de tiempo, que da un vuelco a la movilidad y calidad de vida de la ciudad\u00bb. Otros ejemplos que mencionan en su an\u00e1lisis son Vitoria y Valencia. La mayor\u00eda de los problemas surgen porque, en palabras de la asociaci\u00f3n, \u00abel carril bici predominante en Valladolid es la acera bici bidireccional con anchos insuficientes y peligrosos, generando muchos conflictos y problemas de seguridad entre peatones y ciclistas\u00bb.<\/p>\n<p>Adem\u00e1s de se\u00f1alar cu\u00e1les ser\u00edan las modalidades ideales de carril bici para Valladolid, y c\u00f3mo tendr\u00eda que ser la conexi\u00f3n perfecta del anillo ciclista, ASCIVA promueve y divulga a trav\u00e9s de sus redes sociales el uso de la bicicleta para ir poco a poco sensibilizando a la poblaci\u00f3n. En sus perfiles, la asociaci\u00f3n comparte contenido propio y tambi\u00e9n ajeno, de miles de ciclistas a lo largo y ancho del pa\u00eds. Hace unas semanas, sin ir m\u00e1s lejos, compart\u00edan un v\u00eddeo de una calle de Par\u00eds en la que exist\u00eda un contador de bicicletas: en un d\u00eda pasaron m\u00e1s de 15 000. Dado que ser\u00eda desolador retroceder al momento en el que pasaban por all\u00ed 15 000 personas en sus respectivos veh\u00edculos, la ASCIVA, y otras muchas organizaciones de la misma naturaleza, tendr\u00e1n que seguir pedaleando no solo por ellos, sino por todos.<\/p>\n","protected":false},"excerpt":{"rendered":"<p>La Asamblea Ciclista de Valladolid (ASCIVA) cumple treinta a\u00f1os con m\u00e1s energ\u00eda en las piernas que nunca, pedaleando hacia el futuro, de reivindicaci\u00f3n en reivindicaci\u00f3n; siempre con entereza y compa\u00f1erismo, que es lo que se respira en las tradicionales citas de la Masa Cr\u00edtica, el primer viernes de cada mes a las 20:00 en la [&hellip;]<\/p>\n","protected":false},"author":19,"featured_media":43233,"comment_status":"open","ping_status":"open","sticky":false,"template":"","format":"standard","meta":{"_acf_changed":false,"footnotes":""},"categories":[1,856],"tags":[854,852,851,853,855,850],"ppma_author":[705],"class_list":{"0":"post-43228","1":"post","2":"type-post","3":"status-publish","4":"format-standard","5":"has-post-thumbnail","7":"category-nacional","8":"category-valladolid-valladolid","9":"tag-atascos-valladolid","10":"tag-bicicleta","11":"tag-carril-bici","12":"tag-contaminacion","13":"tag-contaminacion-valladolid","14":"tag-valladolid"},"acf":[],"authors":[{"term_id":705,"user_id":19,"is_guest":0,"slug":"redaccionvalladolid","display_name":"Redacci\u00f3n Valladolid","avatar_url":{"url":"https:\/\/social24horas.com\/contenidos\/uploads\/2024\/02\/redaccion-logo.webp","url2x":"https:\/\/social24horas.com\/contenidos\/uploads\/2024\/02\/redaccion-logo.webp"},"first_name":"","user_url":"","last_name":"","job_title":"","description":""}],"_links":{"self":[{"href":"https:\/\/social24horas.com\/api\/wp\/v2\/posts\/43228","targetHints":{"allow":["GET"]}}],"collection":[{"href":"https:\/\/social24horas.com\/api\/wp\/v2\/posts"}],"about":[{"href":"https:\/\/social24horas.com\/api\/wp\/v2\/types\/post"}],"author":[{"embeddable":true,"href":"https:\/\/social24horas.com\/api\/wp\/v2\/users\/19"}],"replies":[{"embeddable":true,"href":"https:\/\/social24horas.com\/api\/wp\/v2\/comments?post=43228"}],"version-history":[{"count":3,"href":"https:\/\/social24horas.com\/api\/wp\/v2\/posts\/43228\/revisions"}],"predecessor-version":[{"id":43232,"href":"https:\/\/social24horas.com\/api\/wp\/v2\/posts\/43228\/revisions\/43232"}],"wp:featuredmedia":[{"embeddable":true,"href":"https:\/\/social24horas.com\/api\/wp\/v2\/media\/43233"}],"wp:attachment":[{"href":"https:\/\/social24horas.com\/api\/wp\/v2\/media?parent=43228"}],"wp:term":[{"taxonomy":"category","embeddable":true,"href":"https:\/\/social24horas.com\/api\/wp\/v2\/categories?post=43228"},{"taxonomy":"post_tag","embeddable":true,"href":"https:\/\/social24horas.com\/api\/wp\/v2\/tags?post=43228"},{"taxonomy":"author","embeddable":true,"href":"https:\/\/social24horas.com\/api\/wp\/v2\/ppma_author?post=43228"}],"curies":[{"name":"wp","href":"https:\/\/api.w.org\/{rel}","templated":true}]}}