{"id":43139,"date":"2024-07-01T07:45:56","date_gmt":"2024-07-01T05:45:56","guid":{"rendered":"https:\/\/social24horas.com\/?p=43139"},"modified":"2024-07-01T23:20:30","modified_gmt":"2024-07-01T21:20:30","slug":"comienza-el-programa-de-ocio-estival-para-mayores-de-60-anos-con-deporte-y-verbenas-en-los-parques-talleres-y-visitas-culturales","status":"publish","type":"post","link":"https:\/\/social24horas.com\/comienza-el-programa-de-ocio-estival-para-mayores-de-60-anos-con-deporte-y-verbenas-en-los-parques-talleres-y-visitas-culturales\/","title":{"rendered":"Comienza el programa de ocio estival para mayores de 60 a\u00f1os con deporte y verbenas en los parques, talleres y visitas culturales"},"content":{"rendered":"<p>El programa de ocio estival para mayores de 60 a\u00f1os de la Concejal\u00eda de Mayores del Ayuntamiento de Le\u00f3n, que dirige Lourdes Gonz\u00e1lez, arranca hoy lunes 1 de julio con una programaci\u00f3n que se desarrollar\u00e1 durante los meses de julio y agosto con actividades deportivas, verbenas, talleres, visitas culturales y excursiones. Esta iniciativa ofrece alternativas de ocio para que las personas mayores sigan manteni\u00e9ndose activas, mejorando su salud f\u00edsica y emocional con una amplia variedad de actividades para las personas mayores que se quedan en la ciudad de Le\u00f3n durante dos meses de verano.<\/p>\n<p>Las inscripciones para participar en las distintas actividades que lo requieran (talleres, visitas culturales y excursiones) pueden realizarse todos los lunes de julio y agosto de 13:00 a 14:00 horas en los centros sociales de Mariano Andr\u00e9s (calle Front\u00f3n, 7 tel\u00e9fono 987 27 61 77); Padre Isla (calle Padre Isla, 57 tel\u00e9fono 987 27 68 44); y Crucero (avenida La Magdalena, 1 tel\u00e9fono 987 27 68 87). Todas las actividades son gratuitas a excepci\u00f3n de las excursiones y la visita al Museo de San Isidoro.<\/p>\n<p>La promoci\u00f3n de la actividad f\u00edsica ocupa una parte importante de esta programaci\u00f3n con &#8216;Act\u00edvate en los parques&#8217; y actividad f\u00edsica en los Huertos de la Candamia, ambas de libre acceso. La propuesta &#8216;Act\u00edvate en los parques&#8217; se desarrollar\u00e1 cada d\u00eda de lunes a jueves en un parque de la ciudad: Quevedo, San Francisco, Luis Vives, parque de los biosaludables de Oteruelo y El Salvador. Por lo que respecta a los Huertos de la Candamia, habr\u00e1 actividad f\u00edsica y entrenamiento los viernes.<\/p>\n<p>Adem\u00e1s, tambi\u00e9n se proponen dos talleres, uno de crema de manos (el 11 de julio en el Centro Social de Mariano Andr\u00e9s) y otro de crema de cara (el 20 de agosto en el Centro Social del Parque de los Reyes). Tambi\u00e9n, se han programado visitas culturales a la fuente de Zuloaga en la Residencia Municipal de Mayores Virgen del Camino (23 de julio) y al Museo de San Isidoro (22 de agosto) y excursiones a Avil\u00e9s y Cudillero (31 de julio) y a Covadonga, Cangas de On\u00eds y Ribadesella (7 de agosto). Estas actividades necesitan inscripci\u00f3n previa.<\/p>\n<p>El programa de Ocio estival se completa con las verbenas los jueves de julio y agosto en el paseo de la Condesa, que se extender\u00e1n a septiembre, y una actividad intergeneracional el 26 de julio, &#8216;D\u00eda del Abuelo&#8217;, con una visita guiada al Coto Escolar.<\/p>\n<p><strong>\u00a0<\/strong><\/p>\n<p><strong>PROGRAMA COMPLETO<\/strong><\/p>\n<p><strong>JULIO<\/strong><\/p>\n<p>ACT\u00cdVATE EN LOS PARQUES<\/p>\n<ul>\n<li>Lunes 1, 8, 15, 22 y 29, a las 10:30 horas. En el parque de Quevedo.<\/li>\n<li>Martes 2, 9, 16, 23 y 30, a las 10.30 horas. En el parque de San Francisco.<\/li>\n<li>Mi\u00e9rcoles 3, 10, 17, 24 y 31, a las 10.30 horas. En el parque de Luis Vives.<\/li>\n<li>A las 20:00 horas. En Trobajo del Cerecedo, parque al lado del colegio.<\/li>\n<li>Jueves 4, 11, 18 y 25, a las 10.30 horas. En el parque de El Salvador.<\/li>\n<\/ul>\n<p>ACTIVIDAD F\u00cdSICA Y ENTRENAMIENTO EN LOS HUERTOS<\/p>\n<ul>\n<li>Viernes 5, 12 y 19, a las 10.30 horas. En los Huertos de la Candamia.<\/li>\n<\/ul>\n<p>TALLER &#8216;CREMA DE MANOS&#8217;<\/p>\n<ul>\n<li>Jueves 11, a las 10.30 horas. Centro Social Mariano Andr\u00e9s.<\/li>\n<\/ul>\n<p>VISITAS CULTURALES: Fuente de Zuloaga (Residencia Municipal de Mayores).<\/p>\n<ul>\n<li>Martes 23, a las 11.00 horas. Residencia Municipal de Mayores Virgen de Camino (Avda. San Mam\u00e9s, 10).<\/li>\n<\/ul>\n<p>EXCURSI\u00d3N A ASTURIAS: Avil\u00e9s Villa Medieval (visita guiada) y Cudillero Palacio de Selgas).<\/p>\n<ul>\n<li>Mi\u00e9rcoles 31. Salida: 8:00 h. (Parada autob\u00fas de Guzm\u00e1n). Precio, 70 \u20ac<\/li>\n<\/ul>\n<p>ACTIVIDAD INTERGENERACIONAL\u00a0&#8216;D\u00eda del Abuelo&#8217;:<\/p>\n<ul>\n<li>Viernes 26 de julio, a las 10:30 horas. Visita guiada al Coto Escolar.<\/li>\n<\/ul>\n<p>VERBENAS EN LOS PARQUES DE LA CIUDAD<\/p>\n<ul>\n<li>Jueves. 4, 11, 18 y 25, de 19:00 a 21:00 horas. Paseo de la Condesa (al lado de Guzm\u00e1n).<\/li>\n<\/ul>\n<p><strong>AGOSTO<\/strong><\/p>\n<p>ACT\u00cdVATE EN LOS PARQUES<\/p>\n<ul>\n<li>Lunes 5, 12, 19 y 26, a las 10:30 horas. En el parque de Quevedo.<\/li>\n<li>Martes 6, 13, 20 y 27, a las 10:30 horas. En el parque de San Francisco.<\/li>\n<li>A las 20.00 horas. En Oteruelo. Parque de los biosaludables.<\/li>\n<li>Mi\u00e9rcoles 7, 14, 21 y 28, a las 10:30 horas. En el Parque de Luis Vives.<\/li>\n<li>Jueves 1, 8, 22 y 29, a las 10:30 horas. En el parque de El Salvador.<\/li>\n<\/ul>\n<p>ACTIVIDAD F\u00cdSICA Y ENTRENAMIENTO EN LOS HUERTOS<\/p>\n<ul>\n<li>Viernes 2, 9, 16, 23 y 30, a las 10:30 horas. En los Huertos de la Candamia.<\/li>\n<\/ul>\n<p>TALLER &#8216;CREMA DE CARA&#8217;<\/p>\n<ul>\n<li>Martes 20, a las 10:30 horas. Centro Social Parque los Reyes.<\/li>\n<\/ul>\n<p>VISITAS CULTURALES: Museo de San Isidoro.<\/p>\n<ul>\n<li>Jueves 22, a las 11:00 horas. Entrada Museo (Plaza San Isidoro). PRECIO: 6 \u20ac<\/li>\n<\/ul>\n<p>EXCURSI\u00d3N A ASTURIAS: Bas\u00edlica y Santuario de Covadonga, Cangas de On\u00eds y Ribadesella (visita guiada).<\/p>\n<ul>\n<li>Mi\u00e9rcoles 7. Salida: 8:00 h. (Parada Autob\u00fas de Guzm\u00e1n). PRECIO: 55 \u20ac<\/li>\n<\/ul>\n<p>VERBENAS EN LOS PARQUES DE LA CIUDAD<\/p>\n<ul>\n<li>Jueves 1, 8, 22 y 29, de 19:00 a 21:00 horas. Paseo de la Condesa (al lado de Guzm\u00e1n).<\/li>\n<\/ul>\n<p><strong>SEPTIEMBRE<\/strong><\/p>\n<p>VERBENAS EN LOS PARQUES DE LA CIUDAD<\/p>\n<ul>\n<li>Jueves 5, 12 y 19, de 19.00 a 21:00 horas. Paseo de la Condesa (al lado de Guzm\u00e1n)\u200b<\/li>\n<\/ul>\n","protected":false},"excerpt":{"rendered":"<p>El programa de ocio estival para mayores de 60 a\u00f1os de la Concejal\u00eda de Mayores del Ayuntamiento de Le\u00f3n, que dirige Lourdes Gonz\u00e1lez, arranca hoy lunes 1 de julio con una programaci\u00f3n que se desarrollar\u00e1 durante los meses de julio y agosto con actividades deportivas, verbenas, talleres, visitas culturales y excursiones. Esta iniciativa ofrece alternativas [&hellip;]<\/p>\n","protected":false},"author":3,"featured_media":43140,"comment_status":"open","ping_status":"open","sticky":false,"template":"","format":"standard","meta":{"_acf_changed":false,"footnotes":""},"categories":[20],"tags":[747,526,825,826],"ppma_author":[32],"class_list":{"0":"post-43139","1":"post","2":"type-post","3":"status-publish","4":"format-standard","5":"has-post-thumbnail","7":"category-ocio-cultura-leon","8":"tag-mayores","9":"tag-ocio","10":"tag-verano","11":"tag-verbena"},"acf":[],"authors":[{"term_id":32,"user_id":3,"is_guest":0,"slug":"redaccionleon","display_name":"Redacci\u00f3n Le\u00f3n","avatar_url":{"url":"https:\/\/social24horas.com\/contenidos\/uploads\/2024\/02\/redaccion-logo.webp","url2x":"https:\/\/social24horas.com\/contenidos\/uploads\/2024\/02\/redaccion-logo.webp"},"first_name":"","user_url":"","last_name":"","job_title":"","description":""}],"_links":{"self":[{"href":"https:\/\/social24horas.com\/api\/wp\/v2\/posts\/43139","targetHints":{"allow":["GET"]}}],"collection":[{"href":"https:\/\/social24horas.com\/api\/wp\/v2\/posts"}],"about":[{"href":"https:\/\/social24horas.com\/api\/wp\/v2\/types\/post"}],"author":[{"embeddable":true,"href":"https:\/\/social24horas.com\/api\/wp\/v2\/users\/3"}],"replies":[{"embeddable":true,"href":"https:\/\/social24horas.com\/api\/wp\/v2\/comments?post=43139"}],"version-history":[{"count":1,"href":"https:\/\/social24horas.com\/api\/wp\/v2\/posts\/43139\/revisions"}],"predecessor-version":[{"id":43141,"href":"https:\/\/social24horas.com\/api\/wp\/v2\/posts\/43139\/revisions\/43141"}],"wp:featuredmedia":[{"embeddable":true,"href":"https:\/\/social24horas.com\/api\/wp\/v2\/media\/43140"}],"wp:attachment":[{"href":"https:\/\/social24horas.com\/api\/wp\/v2\/media?parent=43139"}],"wp:term":[{"taxonomy":"category","embeddable":true,"href":"https:\/\/social24horas.com\/api\/wp\/v2\/categories?post=43139"},{"taxonomy":"post_tag","embeddable":true,"href":"https:\/\/social24horas.com\/api\/wp\/v2\/tags?post=43139"},{"taxonomy":"author","embeddable":true,"href":"https:\/\/social24horas.com\/api\/wp\/v2\/ppma_author?post=43139"}],"curies":[{"name":"wp","href":"https:\/\/api.w.org\/{rel}","templated":true}]}}