{"id":42700,"date":"2024-06-14T07:33:59","date_gmt":"2024-06-14T05:33:59","guid":{"rendered":"https:\/\/social24horas.com\/?p=42700"},"modified":"2024-06-14T07:33:59","modified_gmt":"2024-06-14T05:33:59","slug":"renacimiento-rural-leones-primer-premio-mayor-impacto-2024-ejemplo-nacional-de-desarrollo-economico","status":"publish","type":"post","link":"https:\/\/social24horas.com\/renacimiento-rural-leones-primer-premio-mayor-impacto-2024-ejemplo-nacional-de-desarrollo-economico\/","title":{"rendered":"Renacimiento Rural Leon\u00e9s, primer premio \u201cMayor Impacto 2024\u201d. Ejemplo nacional de desarrollo econ\u00f3mico"},"content":{"rendered":"<p>Una Espa\u00f1a vaciada que se llena gracias al ejemplo de un grupo de valientes leoneses que muestran como uniendo esfuerzos el campo, que no olvidemos que es lo que nos mantiene a todos, vuelve a tener vida.<\/p>\n<p>La asociaci\u00f3n Seniors Espa\u00f1oles para la Cooperaci\u00f3n T\u00e9cnica (SECOT) celebr\u00f3 el mi\u00e9rcoles 12 de junio <b>la XVI edici\u00f3n de sus Premios SECOT a la Excelencia<\/b>, patrocinados por la Fundaci\u00f3n Repsol.\u00a0El objetivo de estos premios es visibilizar y reconocer el esfuerzo y la innovaci\u00f3n de aquellos emprendedores que han sido asesorados por SECOT.<\/p>\n<p>El periodista\u00a0<b>Gonzalo Bans<\/b>\u00a0ha sido el encargado de conducir el evento, que ha comenzado con la intervenci\u00f3n de Mercedes G\u00f3mez Badiola, Responsable Relaciones Institucionales en Fundaci\u00f3n Repsol: &#8220;<strong>Gracias a los voluntarios s\u00e9nior estamos hoy aqu\u00ed.\u00a0<\/strong>Gracias por realizar de forma altruista vuestra labor de asesoramiento a todos aquellos que se embarcan en la aventura de emprender&#8221;, dec\u00eda G\u00f3mez.<\/p>\n<p>Tras su intervenci\u00f3n, lleg\u00f3 el turno\u00a0<strong>Fernando <\/strong><strong>Sobrini<\/strong><strong>,<\/strong>\u00a0presidente de SECOT: &#8220;Estos premios son el evento m\u00e1s importante del a\u00f1o para nosotros. Son el reflejo de nuestra actividad, nuestra esencia y<strong>\u00a0el reflejo de lo que somos: el fomento de la empleabilidad y del emprendimiento<\/strong>&#8220;, aseguraba Sobrini.<\/p>\n<p>Y a\u00f1ad\u00eda: &#8220;Somos un grupo de directivos en situaci\u00f3n de jubilaci\u00f3n o prejubilaci\u00f3n que\u00a0<strong>queremos devolver a la sociedad lo que nos ha dado<\/strong>&#8220;.<\/p>\n<p><img data-dominant-color=\"796f6b\" data-has-transparency=\"false\" style=\"--dominant-color: #796f6b;\" loading=\"lazy\" loading=\"lazy\" decoding=\"async\" class=\"aligncenter size-large wp-image-42704 not-transparent\" src=\"https:\/\/social24horas.com\/contenidos\/uploads\/2024\/06\/PREMIOS-SECOT-A-LA-EXCELENCIA-FUNDACION-REPSOL-2024-1024x434.webp\" alt=\"\" width=\"1024\" height=\"434\" \/><\/p>\n<p>Le\u00f3n ha recibido el reconocimiento como ejemplo de desarrollo econ\u00f3mico y social en el mundo rural gracias a Renacimiento Rural Leon\u00e9s que recibi\u00f3 el primer premio como proyecto de mayor impacto, un galard\u00f3n que valora aquellas iniciativas que tengan mayor impacto en la sociedad, entendiendo impacto com<strong>o mayor n\u00famero de beneficiarios, escalabilidad, alcance<\/strong>\u00a0(nacional e internacional), innovaci\u00f3n, pol\u00edticas RSC\u2026<\/p>\n<p>Renacimiento Rural Leon\u00e9s S.L. present\u00f3 su candidatura con un proyecto que permite el desarrollo econ\u00f3mico y social de una zona sometida a una fuerte despoblaci\u00f3n. El proyecto va dirigido a revitalizar la comarca mediante un hotel rural y el proyecto asistencial para atender a las personas de tercera edad para que permanezcan en sus domicilios el mayor tiempo posible, as\u00ed como procurarles alimentaci\u00f3n, limpieza, visitas m\u00e9dicas, entretenimiento y compa\u00f1\u00eda, adem\u00e1s en una segunda fase, contempla el desarrollo de la industria agroalimentaria, as\u00ed como servicios tur\u00edsticos y formaci\u00f3n en jardiner\u00eda, forestaci\u00f3n y agricultura.<\/p>\n<p><img data-dominant-color=\"af9782\" data-has-transparency=\"false\" style=\"--dominant-color: #af9782;\" loading=\"lazy\" loading=\"lazy\" decoding=\"async\" class=\"aligncenter wp-image-42706 size-medium not-transparent\" src=\"https:\/\/social24horas.com\/contenidos\/uploads\/2024\/06\/Premio-Secot-Repsol-2024-1-225x300.webp\" alt=\"\" width=\"225\" height=\"300\" \/><\/p>\n<div class=\"container-lazyload preview-lazyload container-youtube js-lazyload--not-loaded\"><a href=\"https:\/\/youtu.be\/1LX3Vx_lAT0\" class=\"lazy-load-youtube preview-lazyload preview-youtube\" data-video-title=\"Premios SECOT 2024 12 de Junio de 2024   12 00 Savefrom ws online video cutter com\" title=\"Play video &quot;Premios SECOT 2024 12 de Junio de 2024   12 00 Savefrom ws online video cutter com&quot;\" target=\"_blank\" rel=\"noopener\">https:\/\/youtu.be\/1LX3Vx_lAT0<\/a><noscript>Video can&#8217;t be loaded because JavaScript is disabled: <a href=\"https:\/\/youtu.be\/1LX3Vx_lAT0\" title=\"Premios SECOT 2024 12 de Junio de 2024   12 00 Savefrom ws online video cutter com\" target=\"_blank\" rel=\"noopener\">Premios SECOT 2024 12 de Junio de 2024   12 00 Savefrom ws online video cutter com (https:\/\/youtu.be\/1LX3Vx_lAT0)<\/a><\/noscript><\/div>\n<p>&nbsp;<\/p>\n<h3>\u00bfQui\u00e9nes somos Renacimiento Rural Leon\u00e9s?<\/h3>\n<section class=\"elementor-section elementor-top-section elementor-element elementor-element-7b0ea69 elementor-section-boxed elementor-section-height-default elementor-section-height-default parallax_section_no qode_elementor_container_no\" data-id=\"7b0ea69\" data-element_type=\"section\">\n<div class=\"elementor-container elementor-column-gap-default\">\n<div class=\"elementor-column elementor-col-50 elementor-top-column elementor-element elementor-element-f7e2b36\" data-id=\"f7e2b36\" data-element_type=\"column\">\n<div class=\"elementor-widget-wrap elementor-element-populated\">\n<div class=\"elementor-element elementor-element-a336863 elementor-widget elementor-widget-text-editor\" data-id=\"a336863\" data-element_type=\"widget\" data-widget_type=\"text-editor.default\">\n<div class=\"elementor-widget-container\">\n<p>Nuestra ra\u00edz se hunde en septiembre de 2019, cuando la Cooperativa del Campo San Blas de Santib\u00e1\u00f1ez de la Isla (Le\u00f3n), celebr\u00f3 el 75 aniversario de su refundaci\u00f3n (en realidad, es la continuaci\u00f3n del Sindicato Agr\u00edcola Cat\u00f3lico, nacido en 1915).<\/p>\n<p>En aquella efem\u00e9rides germin\u00f3 la idea de que si nuestros antepasados\u00a0 nos hab\u00edan legado un instrumento ejemplar de integraci\u00f3n social y actividad econ\u00f3mica, las generaciones que lo hab\u00edamos recibido no s\u00f3lo deb\u00edamos consolidarlo, sino perfeccionarlo y acrecentarlo. As\u00ed surgi\u00f3 la idea de\u00a0<em>Por un Santib\u00e1\u00f1ez de la Isla con futuro,\u00a0<\/em><\/p>\n<p>&nbsp;<\/p>\n<\/div>\n<\/div>\n<\/div>\n<\/div>\n<div class=\"elementor-column elementor-col-50 elementor-top-column elementor-element elementor-element-06e3e2e\" data-id=\"06e3e2e\" data-element_type=\"column\">\n<div class=\"elementor-widget-wrap elementor-element-populated\">\n<div class=\"elementor-element elementor-element-33d5437 elementor-widget elementor-widget-image\" data-id=\"33d5437\" data-element_type=\"widget\" data-widget_type=\"image.default\">\n<div class=\"elementor-widget-container\"><img loading=\"lazy\" loading=\"lazy\" decoding=\"async\" class=\"attachment-large size-large wp-image-813\" src=\"https:\/\/www.renacimientoruralleones.es\/wp-content\/uploads\/2023\/03\/A-75-ANIVERSARIO-COOP-1024x768.jpg\" sizes=\"auto, (max-width: 1024px) 100vw, 1024px\" srcset=\"https:\/\/www.renacimientoruralleones.es\/wp-content\/uploads\/2023\/03\/A-75-ANIVERSARIO-COOP-1024x768.jpg 1024w, https:\/\/www.renacimientoruralleones.es\/wp-content\/uploads\/2023\/03\/A-75-ANIVERSARIO-COOP-300x225.jpg 300w, https:\/\/www.renacimientoruralleones.es\/wp-content\/uploads\/2023\/03\/A-75-ANIVERSARIO-COOP-768x576.jpg 768w, https:\/\/www.renacimientoruralleones.es\/wp-content\/uploads\/2023\/03\/A-75-ANIVERSARIO-COOP-1536x1152.jpg 1536w, https:\/\/www.renacimientoruralleones.es\/wp-content\/uploads\/2023\/03\/A-75-ANIVERSARIO-COOP-800x600.jpg 800w, https:\/\/www.renacimientoruralleones.es\/wp-content\/uploads\/2023\/03\/A-75-ANIVERSARIO-COOP-700x525.jpg 700w, https:\/\/www.renacimientoruralleones.es\/wp-content\/uploads\/2023\/03\/A-75-ANIVERSARIO-COOP.jpg 1600w\" alt=\"\" width=\"1024\" height=\"768\" \/><\/div>\n<\/div>\n<\/div>\n<\/div>\n<\/div>\n<\/section>\n<section class=\"elementor-section elementor-top-section elementor-element elementor-element-a3914a9 elementor-section-boxed elementor-section-height-default elementor-section-height-default parallax_section_no qode_elementor_container_no\" data-id=\"a3914a9\" data-element_type=\"section\">\n<div class=\"elementor-container elementor-column-gap-default\">\n<div class=\"elementor-column elementor-col-50 elementor-top-column elementor-element elementor-element-23a35cb\" data-id=\"23a35cb\" data-element_type=\"column\">\n<div class=\"elementor-widget-wrap elementor-element-populated\">\n<div class=\"elementor-element elementor-element-8dceeda elementor-widget elementor-widget-image\" data-id=\"8dceeda\" data-element_type=\"widget\" data-widget_type=\"image.default\">\n<div class=\"elementor-widget-container\"><img loading=\"lazy\" loading=\"lazy\" decoding=\"async\" class=\"attachment-large size-large wp-image-814\" src=\"https:\/\/www.renacimientoruralleones.es\/wp-content\/uploads\/2023\/03\/B-LIBRO-HISTORIA-COOP-768x1024.jpg\" sizes=\"auto, (max-width: 768px) 100vw, 768px\" srcset=\"https:\/\/www.renacimientoruralleones.es\/wp-content\/uploads\/2023\/03\/B-LIBRO-HISTORIA-COOP-768x1024.jpg 768w, https:\/\/www.renacimientoruralleones.es\/wp-content\/uploads\/2023\/03\/B-LIBRO-HISTORIA-COOP-225x300.jpg 225w, https:\/\/www.renacimientoruralleones.es\/wp-content\/uploads\/2023\/03\/B-LIBRO-HISTORIA-COOP-1152x1536.jpg 1152w, https:\/\/www.renacimientoruralleones.es\/wp-content\/uploads\/2023\/03\/B-LIBRO-HISTORIA-COOP-1536x2048.jpg 1536w, https:\/\/www.renacimientoruralleones.es\/wp-content\/uploads\/2023\/03\/B-LIBRO-HISTORIA-COOP-600x800.jpg 600w, https:\/\/www.renacimientoruralleones.es\/wp-content\/uploads\/2023\/03\/B-LIBRO-HISTORIA-COOP-700x933.jpg 700w, https:\/\/www.renacimientoruralleones.es\/wp-content\/uploads\/2023\/03\/B-LIBRO-HISTORIA-COOP-scaled.jpg 1920w\" alt=\"\" width=\"768\" height=\"1024\" \/><\/div>\n<\/div>\n<\/div>\n<\/div>\n<div class=\"elementor-column elementor-col-50 elementor-top-column elementor-element elementor-element-a9927e0\" data-id=\"a9927e0\" data-element_type=\"column\">\n<div class=\"elementor-widget-wrap elementor-element-populated\">\n<div class=\"elementor-element elementor-element-93b69d8 elementor-widget elementor-widget-image\" data-id=\"93b69d8\" data-element_type=\"widget\" data-widget_type=\"image.default\">\n<div class=\"elementor-widget-container\"><img loading=\"lazy\" loading=\"lazy\" decoding=\"async\" class=\"attachment-large size-large wp-image-815\" src=\"https:\/\/www.renacimientoruralleones.es\/wp-content\/uploads\/2023\/03\/C-75-ANIVERSARIO-COOP-2-1024x768.jpg\" sizes=\"auto, (max-width: 1024px) 100vw, 1024px\" srcset=\"https:\/\/www.renacimientoruralleones.es\/wp-content\/uploads\/2023\/03\/C-75-ANIVERSARIO-COOP-2-1024x768.jpg 1024w, https:\/\/www.renacimientoruralleones.es\/wp-content\/uploads\/2023\/03\/C-75-ANIVERSARIO-COOP-2-300x225.jpg 300w, https:\/\/www.renacimientoruralleones.es\/wp-content\/uploads\/2023\/03\/C-75-ANIVERSARIO-COOP-2-768x576.jpg 768w, https:\/\/www.renacimientoruralleones.es\/wp-content\/uploads\/2023\/03\/C-75-ANIVERSARIO-COOP-2-1536x1152.jpg 1536w, https:\/\/www.renacimientoruralleones.es\/wp-content\/uploads\/2023\/03\/C-75-ANIVERSARIO-COOP-2-2048x1536.jpg 2048w, https:\/\/www.renacimientoruralleones.es\/wp-content\/uploads\/2023\/03\/C-75-ANIVERSARIO-COOP-2-800x600.jpg 800w, https:\/\/www.renacimientoruralleones.es\/wp-content\/uploads\/2023\/03\/C-75-ANIVERSARIO-COOP-2-700x525.jpg 700w\" alt=\"\" width=\"1024\" height=\"768\" \/><\/div>\n<\/div>\n<\/div>\n<\/div>\n<\/div>\n<\/section>\n<section class=\"elementor-section elementor-top-section elementor-element elementor-element-bfaa54c elementor-section-boxed elementor-section-height-default elementor-section-height-default parallax_section_no qode_elementor_container_no\" data-id=\"bfaa54c\" data-element_type=\"section\">\n<div class=\"elementor-container elementor-column-gap-default\">\n<div class=\"elementor-column elementor-col-50 elementor-top-column elementor-element elementor-element-eaa25c3\" data-id=\"eaa25c3\" data-element_type=\"column\">\n<div class=\"elementor-widget-wrap elementor-element-populated\">\n<div class=\"elementor-element elementor-element-c029849 elementor-widget elementor-widget-text-editor\" data-id=\"c029849\" data-element_type=\"widget\" data-widget_type=\"text-editor.default\">\n<div class=\"elementor-widget-container\">\n<p>Idea que no s\u00f3lo era idea, sino tambi\u00e9n una apuesta concreta que se planteaba adquirir los bienes parroquiales, a la venta en aquellos momentos. Despu\u00e9s de los primeros intentos en varios concejos abiertos entre vecinos, quienes constitu\u00edamos la llamada Comisi\u00f3n Simiente, ampliamos el objetivo y decimos acometer un plan m\u00e1s ambicioso que trascendiera nuestra localidad de origen y en donde tuvieran cabida cuantas personas quisieran aportar su esfuerzo y su dinero para que el medio rural de la provincia acometiese nuevas oportunidades. De esa manera, y ya con la contribuci\u00f3n de un buen pu\u00f1ado de entusiastas activistas, el 31 de enero del 2021 naci\u00f3 RENACIMIENTO RURAL LEON\u00c9S S.L. EMPRESA SOCIAL. En junio de 2023, constituyen y son propietarios de RRL y de su Fundaci\u00f3n 110 personas.<\/p>\n<\/div>\n<\/div>\n<\/div>\n<\/div>\n<div class=\"elementor-column elementor-col-50 elementor-top-column elementor-element elementor-element-26d1605\" data-id=\"26d1605\" data-element_type=\"column\">\n<div class=\"elementor-widget-wrap elementor-element-populated\">\n<div class=\"elementor-element elementor-element-314636b elementor-widget elementor-widget-image\" data-id=\"314636b\" data-element_type=\"widget\" data-widget_type=\"image.default\">\n<div class=\"elementor-widget-container\"><img loading=\"lazy\" loading=\"lazy\" decoding=\"async\" class=\"attachment-large size-large wp-image-816\" src=\"https:\/\/www.renacimientoruralleones.es\/wp-content\/uploads\/2023\/03\/D-CASA-PARROQUIAL-Y-ALMACEN-1024x576.jpg\" sizes=\"auto, (max-width: 1024px) 100vw, 1024px\" srcset=\"https:\/\/www.renacimientoruralleones.es\/wp-content\/uploads\/2023\/03\/D-CASA-PARROQUIAL-Y-ALMACEN-1024x576.jpg 1024w, https:\/\/www.renacimientoruralleones.es\/wp-content\/uploads\/2023\/03\/D-CASA-PARROQUIAL-Y-ALMACEN-300x169.jpg 300w, https:\/\/www.renacimientoruralleones.es\/wp-content\/uploads\/2023\/03\/D-CASA-PARROQUIAL-Y-ALMACEN-768x432.jpg 768w, https:\/\/www.renacimientoruralleones.es\/wp-content\/uploads\/2023\/03\/D-CASA-PARROQUIAL-Y-ALMACEN-1536x864.jpg 1536w, https:\/\/www.renacimientoruralleones.es\/wp-content\/uploads\/2023\/03\/D-CASA-PARROQUIAL-Y-ALMACEN-2048x1152.jpg 2048w, https:\/\/www.renacimientoruralleones.es\/wp-content\/uploads\/2023\/03\/D-CASA-PARROQUIAL-Y-ALMACEN-700x394.jpg 700w, https:\/\/www.renacimientoruralleones.es\/wp-content\/uploads\/2023\/03\/D-CASA-PARROQUIAL-Y-ALMACEN-539x303.jpg 539w\" alt=\"\" width=\"1024\" height=\"576\" \/><\/div>\n<\/div>\n<\/div>\n<\/div>\n<\/div>\n<\/section>\n<section class=\"elementor-section elementor-top-section elementor-element elementor-element-ec65bc0 elementor-section-boxed elementor-section-height-default elementor-section-height-default parallax_section_no qode_elementor_container_no\" data-id=\"ec65bc0\" data-element_type=\"section\">\n<div class=\"elementor-container elementor-column-gap-default\">\n<div class=\"elementor-column elementor-col-50 elementor-top-column elementor-element elementor-element-82c407c\" data-id=\"82c407c\" data-element_type=\"column\">\n<div class=\"elementor-widget-wrap elementor-element-populated\">\n<div class=\"elementor-element elementor-element-daf1a72 elementor-widget elementor-widget-image\" data-id=\"daf1a72\" data-element_type=\"widget\" data-widget_type=\"image.default\">\n<div class=\"elementor-widget-container\"><\/div>\n<\/div>\n<\/div>\n<\/div>\n<div class=\"elementor-column elementor-col-50 elementor-top-column elementor-element elementor-element-ca902ac\" data-id=\"ca902ac\" data-element_type=\"column\">\n<div class=\"elementor-widget-wrap elementor-element-populated\">\n<div class=\"elementor-element elementor-element-8d8680d elementor-widget elementor-widget-image\" data-id=\"8d8680d\" data-element_type=\"widget\" data-widget_type=\"image.default\">\n<div class=\"elementor-widget-container\"><\/div>\n<\/div>\n<\/div>\n<\/div>\n<\/div>\n<\/section>\n<section class=\"elementor-section elementor-top-section elementor-element elementor-element-ef0c4ff elementor-section-boxed elementor-section-height-default elementor-section-height-default parallax_section_no qode_elementor_container_no\" data-id=\"ef0c4ff\" data-element_type=\"section\">\n<div class=\"elementor-container elementor-column-gap-default\">\n<div class=\"elementor-column elementor-col-100 elementor-top-column elementor-element elementor-element-67dee394\" data-id=\"67dee394\" data-element_type=\"column\">\n<div class=\"elementor-widget-wrap elementor-element-populated\">\n<div class=\"elementor-element elementor-element-2b0de594 elementor-widget elementor-widget-image\" data-id=\"2b0de594\" data-element_type=\"widget\" data-widget_type=\"image.default\">\n<div class=\"elementor-widget-container\"><img loading=\"lazy\" loading=\"lazy\" decoding=\"async\" class=\"attachment-large size-large wp-image-1437\" src=\"https:\/\/www.renacimientoruralleones.es\/wp-content\/uploads\/2024\/05\/Faldon-kit-digital-1024x62-1.png\" sizes=\"auto, (max-width: 1024px) 100vw, 1024px\" srcset=\"https:\/\/www.renacimientoruralleones.es\/wp-content\/uploads\/2024\/05\/Faldon-kit-digital-1024x62-1.png 1024w, https:\/\/www.renacimientoruralleones.es\/wp-content\/uploads\/2024\/05\/Faldon-kit-digital-1024x62-1-300x18.png 300w, https:\/\/www.renacimientoruralleones.es\/wp-content\/uploads\/2024\/05\/Faldon-kit-digital-1024x62-1-768x47.png 768w, https:\/\/www.renacimientoruralleones.es\/wp-content\/uploads\/2024\/05\/Faldon-kit-digital-1024x62-1-1000x62.png 1000w, https:\/\/www.renacimientoruralleones.es\/wp-content\/uploads\/2024\/05\/Faldon-kit-digital-1024x62-1-700x42.png 700w\" alt=\"Faldon-kit-digital-1024x62\" width=\"1024\" height=\"62\" \/><\/div>\n<\/div>\n<\/div>\n<\/div>\n<\/div>\n<\/section>\n<p><a href=\"https:\/\/www.renacimientoruralleones.es\/\" target=\"_blank\" rel=\"noopener\"><img data-dominant-color=\"cdc9a5\" data-has-transparency=\"false\" style=\"--dominant-color: #cdc9a5;\" loading=\"lazy\" loading=\"lazy\" decoding=\"async\" class=\"aligncenter wp-image-42701 size-medium not-transparent\" src=\"https:\/\/social24horas.com\/contenidos\/uploads\/2024\/06\/LOGO-RENACIMIENTO-1536x1536-1-300x300.webp\" alt=\"\" width=\"300\" height=\"300\" \/><\/a> <a href=\"https:\/\/www.renacimientoruralleones.es\/\" target=\"_blank\" rel=\"noopener\"><img data-dominant-color=\"e3d8a6\" data-has-transparency=\"false\" style=\"--dominant-color: #e3d8a6;\" loading=\"lazy\" loading=\"lazy\" decoding=\"async\" class=\"aligncenter wp-image-42702 size-medium not-transparent\" src=\"https:\/\/social24horas.com\/contenidos\/uploads\/2024\/06\/Logo-RRL-279x300.webp\" alt=\"\" width=\"279\" height=\"300\" \/><\/a><\/p>\n","protected":false},"excerpt":{"rendered":"<p>Una Espa\u00f1a vaciada que se llena gracias al ejemplo de un grupo de valientes leoneses que muestran como uniendo esfuerzos el campo, que no olvidemos que es lo que nos mantiene a todos, vuelve a tener vida. La asociaci\u00f3n Seniors Espa\u00f1oles para la Cooperaci\u00f3n T\u00e9cnica (SECOT) celebr\u00f3 el mi\u00e9rcoles 12 de junio la XVI edici\u00f3n [&hellip;]<\/p>\n","protected":false},"author":3,"featured_media":42705,"comment_status":"open","ping_status":"open","sticky":false,"template":"","format":"standard","meta":{"_acf_changed":false,"footnotes":""},"categories":[23,329],"tags":[731,728,727,730,729],"ppma_author":[32],"class_list":{"0":"post-42700","1":"post","2":"type-post","3":"status-publish","4":"format-standard","5":"has-post-thumbnail","7":"category-asociaciones-leon","8":"category-bienestar-social-leon","9":"tag-campo","10":"tag-espana-vaciada","11":"tag-renacimiento-rural","12":"tag-repsol","13":"tag-secot"},"acf":[],"authors":[{"term_id":32,"user_id":3,"is_guest":0,"slug":"redaccionleon","display_name":"Redacci\u00f3n Le\u00f3n","avatar_url":{"url":"https:\/\/social24horas.com\/contenidos\/uploads\/2024\/02\/redaccion-logo.webp","url2x":"https:\/\/social24horas.com\/contenidos\/uploads\/2024\/02\/redaccion-logo.webp"},"first_name":"","user_url":"","last_name":"","job_title":"","description":""}],"_links":{"self":[{"href":"https:\/\/social24horas.com\/api\/wp\/v2\/posts\/42700","targetHints":{"allow":["GET"]}}],"collection":[{"href":"https:\/\/social24horas.com\/api\/wp\/v2\/posts"}],"about":[{"href":"https:\/\/social24horas.com\/api\/wp\/v2\/types\/post"}],"author":[{"embeddable":true,"href":"https:\/\/social24horas.com\/api\/wp\/v2\/users\/3"}],"replies":[{"embeddable":true,"href":"https:\/\/social24horas.com\/api\/wp\/v2\/comments?post=42700"}],"version-history":[{"count":4,"href":"https:\/\/social24horas.com\/api\/wp\/v2\/posts\/42700\/revisions"}],"predecessor-version":[{"id":42712,"href":"https:\/\/social24horas.com\/api\/wp\/v2\/posts\/42700\/revisions\/42712"}],"wp:featuredmedia":[{"embeddable":true,"href":"https:\/\/social24horas.com\/api\/wp\/v2\/media\/42705"}],"wp:attachment":[{"href":"https:\/\/social24horas.com\/api\/wp\/v2\/media?parent=42700"}],"wp:term":[{"taxonomy":"category","embeddable":true,"href":"https:\/\/social24horas.com\/api\/wp\/v2\/categories?post=42700"},{"taxonomy":"post_tag","embeddable":true,"href":"https:\/\/social24horas.com\/api\/wp\/v2\/tags?post=42700"},{"taxonomy":"author","embeddable":true,"href":"https:\/\/social24horas.com\/api\/wp\/v2\/ppma_author?post=42700"}],"curies":[{"name":"wp","href":"https:\/\/api.w.org\/{rel}","templated":true}]}}