{"id":42577,"date":"2024-06-08T13:19:31","date_gmt":"2024-06-08T11:19:31","guid":{"rendered":"https:\/\/social24horas.com\/?p=42577"},"modified":"2024-06-07T13:20:45","modified_gmt":"2024-06-07T11:20:45","slug":"i-marcha-trotapueblos-municipio-de-ardon-entre-cepas-y-ribera","status":"publish","type":"post","link":"https:\/\/social24horas.com\/i-marcha-trotapueblos-municipio-de-ardon-entre-cepas-y-ribera\/","title":{"rendered":"I marcha \u201ctrotapueblos\u201d municipio de Ard\u00f3n entre cepas y ribera"},"content":{"rendered":"<p>El Ayuntamiento de Ard\u00f3n en colaboraci\u00f3n con la Fundaci\u00f3n Manuel Mart\u00ednez organiza la I Carrera Entre Cepas y Ribera para corredores y andarines. Con un recorrido de 7 km, se celebrar\u00e1 el pr\u00f3ximo 15 de Junio de 2024.<\/p>\n<p>El evento tiene un fin solidario ya que parte de la recaudaci\u00f3n ir\u00e1 destinado a la Asociaci\u00f3n e afectados de Esclerosis Lateral Amiotr\u00f3fica, ELA, de Castilla y Le\u00f3n ELACYL)<\/p>\n<p>Fecha y Lugar<br \/>\nLa salida y la meta estar\u00e1 situada en las inmediaciones del \u201cJard\u00edn de los 7 ca\u00f1os\u201d(zona del Bar), en la localidad de Villalobar, el recorrido discurrir\u00e1 por distintos parajes de municipio. Se realizar\u00e1 por entornos naturales de la comarca, en localizaciones de las poblaciones de Villalobar y Benazolve. Pasando por caminos entre vi\u00f1as, senderos arbolados y construcciones t\u00edpicas de la zona.<\/p>\n<p>La carrera se celebra en categor\u00eda abierta para todas las personas que deseen participar, se podr\u00e1 realizar corriendo o andando, si alg\u00fan deportista adaptado desea participar tambi\u00e9n ser\u00e1 bienvenido, incluso acompa\u00f1ado de mascotas.<br \/>\nLa distancia ser\u00e1 de 7 km.<br \/>\nLa hora de comienzo ser\u00e1 las 10:30.<br \/>\nLA PRUEBA NO ES COMPETITIVA<\/p>\n<p><a href=\"https:\/\/social24horas.com\/contenidos\/uploads\/2024\/06\/inscripcioN-PDF.pdf\" target=\"_blank\" rel=\"noopener\">inscripci\u00f3n PDF<\/a> enviar el documento cumplimentado a <a href=\"mailto:cultura.ayto.ardon@gmail.com\" target=\"_blank\" rel=\"noopener\">cultura.ayto.ardon@gmail.com<\/a><\/p>\n<p>&nbsp;<\/p>\n<p><a href=\"https:\/\/social24horas.com\/contenidos\/uploads\/2024\/06\/REGLAMENTO-pdf.pdf\" target=\"_blank\" rel=\"noopener\">REGLAMENTO pdf<\/a><\/p>\n<p>&nbsp;<\/p>\n<p><img data-dominant-color=\"d5b7b3\" data-has-transparency=\"false\" style=\"--dominant-color: #d5b7b3;\" loading=\"lazy\" loading=\"lazy\" decoding=\"async\" class=\"aligncenter size-large wp-image-42580 not-transparent\" src=\"https:\/\/social24horas.com\/contenidos\/uploads\/2024\/06\/CARRERA-ARDON-727x1024.webp\" alt=\"CARRERA ARD\u00d3N\" width=\"727\" height=\"1024\" \/><\/p>\n","protected":false},"excerpt":{"rendered":"<p>El Ayuntamiento de Ard\u00f3n en colaboraci\u00f3n con la Fundaci\u00f3n Manuel Mart\u00ednez organiza la I Carrera Entre Cepas y Ribera para corredores y andarines. Con un recorrido de 7 km, se celebrar\u00e1 el pr\u00f3ximo 15 de Junio de 2024. El evento tiene un fin solidario ya que parte de la recaudaci\u00f3n ir\u00e1 destinado a la Asociaci\u00f3n [&hellip;]<\/p>\n","protected":false},"author":3,"featured_media":42581,"comment_status":"open","ping_status":"open","sticky":false,"template":"","format":"standard","meta":{"_acf_changed":false,"footnotes":""},"categories":[23],"tags":[690,691,693,692],"ppma_author":[32],"class_list":{"0":"post-42577","1":"post","2":"type-post","3":"status-publish","4":"format-standard","5":"has-post-thumbnail","7":"category-asociaciones-leon","8":"tag-ardon","9":"tag-carrera-popular","10":"tag-elacyl","11":"tag-fundacion-manuel-martinez"},"acf":[],"authors":[{"term_id":32,"user_id":3,"is_guest":0,"slug":"redaccionleon","display_name":"Redacci\u00f3n Le\u00f3n","avatar_url":{"url":"https:\/\/social24horas.com\/contenidos\/uploads\/2024\/02\/redaccion-logo.webp","url2x":"https:\/\/social24horas.com\/contenidos\/uploads\/2024\/02\/redaccion-logo.webp"},"first_name":"","user_url":"","last_name":"","job_title":"","description":""}],"_links":{"self":[{"href":"https:\/\/social24horas.com\/api\/wp\/v2\/posts\/42577","targetHints":{"allow":["GET"]}}],"collection":[{"href":"https:\/\/social24horas.com\/api\/wp\/v2\/posts"}],"about":[{"href":"https:\/\/social24horas.com\/api\/wp\/v2\/types\/post"}],"author":[{"embeddable":true,"href":"https:\/\/social24horas.com\/api\/wp\/v2\/users\/3"}],"replies":[{"embeddable":true,"href":"https:\/\/social24horas.com\/api\/wp\/v2\/comments?post=42577"}],"version-history":[{"count":3,"href":"https:\/\/social24horas.com\/api\/wp\/v2\/posts\/42577\/revisions"}],"predecessor-version":[{"id":42584,"href":"https:\/\/social24horas.com\/api\/wp\/v2\/posts\/42577\/revisions\/42584"}],"wp:featuredmedia":[{"embeddable":true,"href":"https:\/\/social24horas.com\/api\/wp\/v2\/media\/42581"}],"wp:attachment":[{"href":"https:\/\/social24horas.com\/api\/wp\/v2\/media?parent=42577"}],"wp:term":[{"taxonomy":"category","embeddable":true,"href":"https:\/\/social24horas.com\/api\/wp\/v2\/categories?post=42577"},{"taxonomy":"post_tag","embeddable":true,"href":"https:\/\/social24horas.com\/api\/wp\/v2\/tags?post=42577"},{"taxonomy":"author","embeddable":true,"href":"https:\/\/social24horas.com\/api\/wp\/v2\/ppma_author?post=42577"}],"curies":[{"name":"wp","href":"https:\/\/api.w.org\/{rel}","templated":true}]}}