{"id":42570,"date":"2024-06-07T15:00:58","date_gmt":"2024-06-07T13:00:58","guid":{"rendered":"https:\/\/social24horas.com\/?p=42570"},"modified":"2024-06-07T12:57:32","modified_gmt":"2024-06-07T10:57:32","slug":"concluye-con-exito-el-curso-europeo-sobre-fauna-silvestre-celebrado-esta-semana-en-zamora-y-leon","status":"publish","type":"post","link":"https:\/\/social24horas.com\/concluye-con-exito-el-curso-europeo-sobre-fauna-silvestre-celebrado-esta-semana-en-zamora-y-leon\/","title":{"rendered":"Concluye con \u00e9xito el Curso Europeo sobre Fauna Silvestre celebrado esta semana en Zamora y Le\u00f3n"},"content":{"rendered":"<p><strong><span lang=\"ES-TRAD\" xml:lang=\"ES-TRAD\">Reuni\u00f3 a expertos internacionales y locales para abordar estrategias sobre manejo, exploraci\u00f3n e investigaci\u00f3n forense, a trav\u00e9s de pr\u00e1cticas en el Centro del Lobo Ib\u00e9rico de Castilla y Le\u00f3n, conferencias en la ULE y talleres sobre la peritaci\u00f3n de ataques a la ganader\u00eda.<\/span><\/strong><\/p>\n<p class=\"text-align-justify\">El Curso Europeo sobre \u2018Fauna silvestre: manejo, exploraci\u00f3n e investigaci\u00f3n forense\u2019, celebrado entre las ciudades de Zamora y Le\u00f3n, ha concluido esta tarde en la Facultad de Veterinaria de la Universidad de Le\u00f3n (ULE) con un acto en el Aula Magna &#8216;Profesor Miguel Cordero del Campillo&#8217; que ha contado con la presencia de Luigi Esposito , director del m\u00e1ster SICFEu (Universidad Federico II de N\u00e1poles) sobre &#8216;Sistemas innovadores para la conservaci\u00f3n de la fauna euromediterr\u00e1nea&#8217;, como representante de WAVES Internacional, y de Jos\u00e9 \u00c1ngel Arr\u00e1nz Sanz, director general de Patrimonio Natural y Pol\u00edtica Forestal de la Junta de Castilla y Le\u00f3n.<\/p>\n<div class=\"embedded-entity\" data-embed-button=\"media\" data-entity-embed-display=\"view_mode:media.ancho_100\" data-entity-type=\"media\" data-entity-uuid=\"327d54a0-f88c-4ffb-8428-6ac450bf2b82\" data-langcode=\"es\">\n<div class=\"field field--name-field-image field--type-image field--label-hidden field--item\"><img data-dominant-color=\"808477\" data-has-transparency=\"false\" style=\"--dominant-color: #808477;\" loading=\"lazy\" loading=\"lazy\" decoding=\"async\" class=\"aligncenter size-large wp-image-42575 not-transparent\" src=\"https:\/\/social24horas.com\/contenidos\/uploads\/2024\/06\/2024-06-06_clausura_curso_europeo_fauna-01-1024x634.webp\" alt=\"2024-06-06_clausura_curso_europeo_fauna-01\" width=\"1024\" height=\"634\" \/><\/div>\n<\/div>\n<p class=\"text-align-justify\">Durante la clausura, Jos\u00e9 \u00c1ngel Arranz ha agradecido a los organizadores la colaboraci\u00f3n para impulsar este tipo de jornadas \u201cque son de m\u00e1ximo inter\u00e9s para nosotros porque adem\u00e1s de las universidades, participan empresas del sector privado y tambi\u00e9n profesionales veterinarios, lo que hace que abordemos una mejora en la formaci\u00f3n para la gesti\u00f3n del lobo\u201d.<\/p>\n<div class=\"embedded-entity\" data-embed-button=\"media\" data-entity-embed-display=\"view_mode:media.ancho_100\" data-entity-type=\"media\" data-entity-uuid=\"5e610a6a-c870-47cf-8283-dc84cb38a0c4\" data-langcode=\"es\">\n<div class=\"field field--name-field-image field--type-image field--label-hidden field--item\"><img data-dominant-color=\"7c7a70\" data-has-transparency=\"false\" style=\"--dominant-color: #7c7a70;\" loading=\"lazy\" loading=\"lazy\" decoding=\"async\" class=\"aligncenter size-large wp-image-42574 not-transparent\" src=\"https:\/\/social24horas.com\/contenidos\/uploads\/2024\/06\/2024-06-06_clausura_curso_europeo_fauna-02-1024x693.webp\" alt=\"2024-06-06_clausura_curso_europeo_fauna-02\" width=\"1024\" height=\"693\" \/><\/div>\n<\/div>\n<p class=\"text-align-justify\">Arranz ha se\u00f1alado que la profesionalizaci\u00f3n requiere de una capacitaci\u00f3n y una experiencia \u201cque gracias a este curso se logra compatibilizar entre el mundo acad\u00e9mico y el de los gestores ambientales\u201d. Una profesionalizaci\u00f3n que -seg\u00fan ha explicado Arranz- es vital para afrontar \u201cuna labor compleja como es la indemnizaci\u00f3n de los da\u00f1os causados por el lobo en ganader\u00edas. Ahora mismo tenemos dificultades para gestionar el lobo por las limitaciones legales, de ah\u00ed que nos centremos en la indemnizaci\u00f3n y en la peritaci\u00f3n de da\u00f1os. Hemos comprobado que cuando formamos al personal que va a atender a un ganadero, si ve que es un profesional formado, rebaja la situaci\u00f3n de tensi\u00f3n en esa peritaci\u00f3n\u201d.<\/p>\n<div class=\"embedded-entity\" data-embed-button=\"media\" data-entity-embed-display=\"view_mode:media.ancho_100\" data-entity-type=\"media\" data-entity-uuid=\"3c2c23f3-0faf-4709-ac95-cc4b126abee5\" data-langcode=\"es\">\n<div class=\"field field--name-field-image field--type-image field--label-hidden field--item\"><img data-dominant-color=\"82837b\" data-has-transparency=\"false\" style=\"--dominant-color: #82837b;\" loading=\"lazy\" loading=\"lazy\" decoding=\"async\" class=\"aligncenter size-large wp-image-42573 not-transparent\" src=\"https:\/\/social24horas.com\/contenidos\/uploads\/2024\/06\/2024-06-06_clausura_curso_europeo_fauna-04-1024x706.webp\" alt=\"2024-06-06_clausura_curso_europeo_fauna-04\" width=\"1024\" height=\"706\" \/><\/div>\n<\/div>\n<p class=\"text-align-justify\">Este curso, organizado a trav\u00e9s de la colaboraci\u00f3n entre la ULE, la Junta de Castilla y Le\u00f3n, la Fundaci\u00f3n Patrimonio Natural de Castilla y Le\u00f3n y la Sociedad Euromediterranea de Vigilancia de Animales Salvajes (WAVES) y coordinado desde Ilex Consultora Ambiental, ha implicado durante tres d\u00edas a m\u00e1s de 60 asistentes de Italia, Portugal, Croacia, Eslovaquia y Espa\u00f1a. Entre ellos ha destacado un grupo de 14 participantes italianos que est\u00e1n realizando el M\u00e1ster en la Universidad Federico II de N\u00e1poles (Italia), y un grupo de m\u00e1s de 35 agentes medioambientales y celadores de la Junta de Castilla y Le\u00f3n, procedentes de todas las provincias de la Comunidad.<\/p>\n<div class=\"embedded-entity\" data-embed-button=\"media\" data-entity-embed-display=\"view_mode:media.ancho_100\" data-entity-type=\"media\" data-entity-uuid=\"781f45ac-122d-430b-b50c-e13148cd24f4\" data-langcode=\"es\">\n<div class=\"field field--name-field-image field--type-image field--label-hidden field--item\"><img data-dominant-color=\"7a7468\" data-has-transparency=\"false\" style=\"--dominant-color: #7a7468;\" loading=\"lazy\" loading=\"lazy\" decoding=\"async\" class=\"aligncenter size-large wp-image-42572 not-transparent\" src=\"https:\/\/social24horas.com\/contenidos\/uploads\/2024\/06\/2024-06-06_clausura_curso_europeo_fauna-05-1024x612.webp\" alt=\"2024-06-06_clausura_curso_europeo_fauna-05\" width=\"1024\" height=\"612\" \/><\/div>\n<\/div>\n<p class=\"text-align-justify\">El programa formativo se inici\u00f3 con una jornada sobre biolog\u00eda, manejo y gesti\u00f3n del lobo en el Centro del Lobo Ib\u00e9rico de Castilla y Le\u00f3n &#8220;F\u00e9lix Rodr\u00edguez de la Fuente&#8221;, donde los asistentes participaron en pr\u00e1cticas presenciales sobre el ciclo biol\u00f3gico y la reproducci\u00f3n del lobo ib\u00e9rico, la historia, costumbres y tradiciones del lobo, la atenci\u00f3n veterinaria del lobo en semilibertad, as\u00ed como conferencias sobre la gesti\u00f3n de esta especie en Castilla y Le\u00f3n y la proyecci\u00f3n de un documental sobre la captura, seguimiento y control sanitario del lobo ib\u00e9rico.<\/p>\n<p class=\"text-align-justify\">La segunda jornada, ayer mi\u00e9rcoles, se dedic\u00f3 al manejo, exploraci\u00f3n y diagn\u00f3stico en enfermedades en aves silvestres en las instalaciones del Hospital Cl\u00ednico Veterinario de la Universidad de Le\u00f3n. El programa se ha completado hoy con sesiones te\u00f3rico-pr\u00e1cticas de investigaci\u00f3n forense en animales dom\u00e9sticos y silvestres depredados por grandes carn\u00edvoros y con la presentaci\u00f3n del documento \u2018Peritaci\u00f3n de ataques de lobo a la ganader\u00eda: protocolo para su inspecci\u00f3n\u2019 de Perfecto Reguera Acevedo, Vicente Gonz\u00e1lez Eguren, profesores de la ULE, y Tom\u00e1s Yanes Garc\u00eda, asesor de ILex. Destacando la importancia de la colaboraci\u00f3n internacional en la conservaci\u00f3n de la fauna, el workshop final reuni\u00f3 a expertos de Espa\u00f1a, Portugal, Croacia, Eslovaquia e Italia para discutir estrategias de identificaci\u00f3n de siniestros y su aplicaci\u00f3n en la peritaci\u00f3n en campo.<\/p>\n<p class=\"text-align-justify\"><em>(<strong>FOTOGRAF\u00cdAS<\/strong>: portada: Ana Carvajal (izda), catedr\u00e1tica de Sanidad Animal de la ULE, Isabel Pires de la UTAD de Vila Real (Portugal) y Ana Balseiro, de la ULE al inicio del workshop de esta tarde en el Aula &#8216;Cordero del Campillo&#8217;. \/ segunda: en primer t\u00e9rmino Ana Carvajal (izda) junto a Jos\u00e9 \u00c1ngel Arranz, director general de Patrimonio Natural de la Junta de Castilla y Le\u00f3n. \/ tercera: agentes medioambientales y estudiantes del M\u00e1ster participantes en el curso. \/ cuarta: Luigi Esposito\u00a0 en primer t\u00e9rmino. )<\/em><\/p>\n","protected":false},"excerpt":{"rendered":"<p>Reuni\u00f3 a expertos internacionales y locales para abordar estrategias sobre manejo, exploraci\u00f3n e investigaci\u00f3n forense, a trav\u00e9s de pr\u00e1cticas en el Centro del Lobo Ib\u00e9rico de Castilla y Le\u00f3n, conferencias en la ULE y talleres sobre la peritaci\u00f3n de ataques a la ganader\u00eda. El Curso Europeo sobre \u2018Fauna silvestre: manejo, exploraci\u00f3n e investigaci\u00f3n forense\u2019, celebrado [&hellip;]<\/p>\n","protected":false},"author":3,"featured_media":42571,"comment_status":"open","ping_status":"open","sticky":false,"template":"","format":"standard","meta":{"_acf_changed":false,"footnotes":""},"categories":[329],"tags":[],"ppma_author":[32],"class_list":{"0":"post-42570","1":"post","2":"type-post","3":"status-publish","4":"format-standard","5":"has-post-thumbnail","7":"category-bienestar-social-leon"},"acf":[],"authors":[{"term_id":32,"user_id":3,"is_guest":0,"slug":"redaccionleon","display_name":"Redacci\u00f3n Le\u00f3n","avatar_url":{"url":"https:\/\/social24horas.com\/contenidos\/uploads\/2024\/02\/redaccion-logo.webp","url2x":"https:\/\/social24horas.com\/contenidos\/uploads\/2024\/02\/redaccion-logo.webp"},"first_name":"","user_url":"","last_name":"","job_title":"","description":""}],"_links":{"self":[{"href":"https:\/\/social24horas.com\/api\/wp\/v2\/posts\/42570","targetHints":{"allow":["GET"]}}],"collection":[{"href":"https:\/\/social24horas.com\/api\/wp\/v2\/posts"}],"about":[{"href":"https:\/\/social24horas.com\/api\/wp\/v2\/types\/post"}],"author":[{"embeddable":true,"href":"https:\/\/social24horas.com\/api\/wp\/v2\/users\/3"}],"replies":[{"embeddable":true,"href":"https:\/\/social24horas.com\/api\/wp\/v2\/comments?post=42570"}],"version-history":[{"count":1,"href":"https:\/\/social24horas.com\/api\/wp\/v2\/posts\/42570\/revisions"}],"predecessor-version":[{"id":42576,"href":"https:\/\/social24horas.com\/api\/wp\/v2\/posts\/42570\/revisions\/42576"}],"wp:featuredmedia":[{"embeddable":true,"href":"https:\/\/social24horas.com\/api\/wp\/v2\/media\/42571"}],"wp:attachment":[{"href":"https:\/\/social24horas.com\/api\/wp\/v2\/media?parent=42570"}],"wp:term":[{"taxonomy":"category","embeddable":true,"href":"https:\/\/social24horas.com\/api\/wp\/v2\/categories?post=42570"},{"taxonomy":"post_tag","embeddable":true,"href":"https:\/\/social24horas.com\/api\/wp\/v2\/tags?post=42570"},{"taxonomy":"author","embeddable":true,"href":"https:\/\/social24horas.com\/api\/wp\/v2\/ppma_author?post=42570"}],"curies":[{"name":"wp","href":"https:\/\/api.w.org\/{rel}","templated":true}]}}