{"id":42481,"date":"2024-06-05T08:38:50","date_gmt":"2024-06-05T06:38:50","guid":{"rendered":"https:\/\/social24horas.com\/?p=42481"},"modified":"2024-06-05T08:38:50","modified_gmt":"2024-06-05T06:38:50","slug":"el-ayuntamiento-y-ecoembes-ponen-en-marcha-una-campana-informativa-sobre-el-uso-del-contenedor-amarillo","status":"publish","type":"post","link":"https:\/\/social24horas.com\/el-ayuntamiento-y-ecoembes-ponen-en-marcha-una-campana-informativa-sobre-el-uso-del-contenedor-amarillo\/","title":{"rendered":"El Ayuntamiento y Ecoembes ponen en marcha una campa\u00f1a informativa sobre el uso del contenedor amarillo"},"content":{"rendered":"<div class=\"clearfix text-formatted field field--name-field-news-subtitle field--type-text-long field--label-hidden field__item\">\n<p><strong><span lang=\"ES-TRAD\" xml:lang=\"ES-TRAD\">Se instalar\u00e1n varios puntos informativos repartidos por diferentes plazas, parques y calles de la ciudad<\/span><\/strong><\/p>\n<\/div>\n<div class=\"group-image-text\">\n<div class=\"field field--name-field-shared-highlighted-image field--type-entity-reference field--label-hidden field__item\">\n<article class=\"media media--type-image media--view-mode-image-text\">\n<div class=\"field field--name-field-media-image field--type-image field--label-visually_hidden\"><\/div>\n<\/article>\n<\/div>\n<div class=\"clearfix text-formatted field field--name-field-news-image-text field--type-text-long field--label-hidden field__item\">\n<p><span lang=\"ES-TRAD\" xml:lang=\"ES-TRAD\">El Ayuntamiento de Segovia, a trav\u00e9s de la concejal\u00eda de Barrios y Sostenibilidad Ambiental, pone en marcha el programa \u201cNo dudamos, nosotros reciclamos\u201d, una iniciativa que cuenta con la colaboraci\u00f3n de Ecoembes, para concienciar sobre la responsabilidad colectiva a la hora de separar correctamente los residuos generados en el d\u00eda a d\u00eda y as\u00ed contribuir a la mejora del medio ambiente y la sostenibilidad ambiental, tal y como ha explicado el concejal del \u00e1rea, Gabriel Cobos.<\/span><\/p>\n<\/div>\n<\/div>\n<div class=\"clearfix text-formatted field field--name-field-shared-body field--type-text-long field--label-hidden field__item\">\n<p><span lang=\"ES-TRAD\" xml:lang=\"ES-TRAD\">Esta nueva campa\u00f1a, que comenzar\u00e1 este mes de junio, est\u00e1 dirigida a la ciudadan\u00eda y a los escolares, y se centra especialmente en el contenedor amarillo y en los llamados residuos \u201cimpropios\u201d del mismo, es decir, todos aquellos materiales depositados err\u00f3neamente en este contenedor.<\/span><\/p>\n<p><span lang=\"ES-TRAD\" xml:lang=\"ES-TRAD\">A trav\u00e9s de una serie de puntos informativos, ubicados en diferentes parques, plazas y calles de la ciudad, el Ayuntamiento de Segovia pretende concienciar a la ciudadan\u00eda sobre la necesidad de hacer una adecuada separaci\u00f3n de los envases y residuos de envases que desechamos, dando pautas de c\u00f3mo hacerlo correctamente para que despu\u00e9s puedan reciclarse. En estos lugares se repartir\u00e1, adem\u00e1s, un tr\u00edptico con informaci\u00f3n sobre d\u00f3nde depositar otras fracciones de residuos.<\/span><\/p>\n<p><span lang=\"ES-TRAD\" xml:lang=\"ES-TRAD\">El primero de los puntos informativos se instalar\u00e1 el martes 18 de junio, en los jardines de Alfredo Matesanz, y el \u00faltimo, el d\u00eda 16 de julio en la Plaza del Azoguejo y todos los d\u00edas con el mismo horario, de 17.00 horas hasta las 20.00 horas. La relaci\u00f3n de fechas y ubicaciones se ha establecido de la siguiente manera:<\/span><\/p>\n<p><span lang=\"ES-TRAD\" xml:lang=\"ES-TRAD\">Martes 18 de junio: Jardines de Alfredo Matesanz<\/span><\/p>\n<p><span lang=\"ES-TRAD\" xml:lang=\"ES-TRAD\">Mi\u00e9rcoles 19 de junio: Plaza Doctor Laguna<\/span><\/p>\n<p><span lang=\"ES-TRAD\" xml:lang=\"ES-TRAD\">Jueves\u00a0 20 de junio: c\/ Jos\u00e9 Zorrilla (a la altura de la Plazuela de Santa Eulalia)<\/span><\/p>\n<p><span lang=\"ES-TRAD\" xml:lang=\"ES-TRAD\">Martes 25 de junio: junto puerta del Campus Mar\u00eda Zambrano (UVA)<\/span><\/p>\n<p><span lang=\"ES-TRAD\" xml:lang=\"ES-TRAD\">Mi\u00e9rcoles 26 de junio: Plaza San Lorenzo<\/span><\/p>\n<p><span lang=\"ES-TRAD\" xml:lang=\"ES-TRAD\">Martes 2 de julio: Jardinillos de San Roque<\/span><\/p>\n<p><span lang=\"ES-TRAD\" xml:lang=\"ES-TRAD\">Mi\u00e9rcoles 3 de julio: Avenida Vicente Aleixandre (Parque Skate)<\/span><\/p>\n<p><span lang=\"ES-TRAD\" xml:lang=\"ES-TRAD\">Jueves 4 de julio: Plaza Mayor<\/span><\/p>\n<p><span lang=\"ES-TRAD\" xml:lang=\"ES-TRAD\">Martes 9 de julio: Avenida del Acueducto, 33<\/span><\/p>\n<p><span lang=\"ES-TRAD\" xml:lang=\"ES-TRAD\">Mi\u00e9rcoles 10 de julio: Plaza Ermita El Cristo del Mercado<\/span><\/p>\n<p><span lang=\"ES-TRAD\" xml:lang=\"ES-TRAD\">Jueves 11 de julio: Plaza El Salvador<\/span><\/p>\n<p><span lang=\"ES-TRAD\" xml:lang=\"ES-TRAD\">Martes 16 de julio: Plaza del Azoguejo<\/span><\/p>\n<p><span lang=\"ES-TRAD\" xml:lang=\"ES-TRAD\">De forma complementaria, se llevar\u00e1n a cabo dos inserciones en medios de comunicaci\u00f3n local, coincidiendo con el D\u00eda Mundial del Medioambiente, este mi\u00e9rcoles 5 de junio, y con el D\u00eda Internacional contra el Cambio Clim\u00e1tico, el 24 de octubre, para informar de la necesidad de llevar a cabo buenas conductas en materia de separaci\u00f3n de residuos durante los eventos festivos que se realizan en la ciudad.<\/span><\/p>\n<p><span lang=\"ES-TRAD\" xml:lang=\"ES-TRAD\">Adem\u00e1s, de cara al pr\u00f3ximo curso escolar 2024\/2025 se programar\u00e1n 30 talleres dirigidos a alumnos de Educaci\u00f3n Primaria, con el fin de sensibilizar sobre la importancia de una separaci\u00f3n correcta de los residuos y los beneficios que conlleva: ahorramos energ\u00eda y luchamos contra el cambio clim\u00e1tico, usamos menos materias primas, fabricamos nuevos productos a partir de materiales reciclados, creamos puestos de trabajo contribuimos a preservar el medio ambiente.<\/span><\/p>\n<p><span lang=\"ES-TRAD\" xml:lang=\"ES-TRAD\">Por \u00faltimo, recordar que en el contenedor amarillo deben depositarse \u00fanicamente los envases de residuos generados en los domicilios como los envases tipo brik (de leche, zumo, tomate frito, \u2026) envases de pl\u00e1stico (de yogur, botellas de agua, refrescos, jab\u00f3n, \u2026), bolsas de pl\u00e1stico, alimentaci\u00f3n, film transparente y de aluminio y envases met\u00e1licos (de latas de refrescos, de conserva, aerosoles, bandejas de aluminio, tapas y tapones met\u00e1licos).<\/span><\/p>\n<p><strong><span lang=\"ES-TRAD\" xml:lang=\"ES-TRAD\">Campa\u00f1a de recogida de bicicletas de segunda mano<\/span><\/strong><\/p>\n<p><span lang=\"ES-TRAD\" xml:lang=\"ES-TRAD\">Por otro lado, el concejal de Barrios y Sostenibilidad ambiental ha informado de que, durante el mes de junio, Segovia Educa en Verde se convertir\u00e1 en un punto de recogida de bicicletas de segunda mano para fomentar su reutilizaci\u00f3n, una campa\u00f1a que han puesto en marcha bajo el t\u00edtulo \u201cLas bicicletas son para\u2026todo el a\u00f1o\u201d. \u201cQueremos dar una segunda vida a tu bicicleta para que otras personas puedan utilizarla\u201d,\u00a0<\/span>ha indicado Gabriel Cobos, quien ha a\u00f1adido que, durante la primera semana de julio, se repartir\u00e1n las bicicletas donadas entre aquellas personas que las necesiten de cara al verano y las soliciten.<\/p>\n<p>Las personas interesadas, tanto en donar como en recibir una bicicleta, tienen que ponerse en contacto con Segovia Educa en Verde en el tel\u00e9fono 636375689 o a trav\u00e9s del correo electr\u00f3nico reservas@segoviaeducaenverde.com.<\/p>\n<\/div>\n","protected":false},"excerpt":{"rendered":"<p>Se instalar\u00e1n varios puntos informativos repartidos por diferentes plazas, parques y calles de la ciudad El Ayuntamiento de Segovia, a trav\u00e9s de la concejal\u00eda de Barrios y Sostenibilidad Ambiental, pone en marcha el programa \u201cNo dudamos, nosotros reciclamos\u201d, una iniciativa que cuenta con la colaboraci\u00f3n de Ecoembes, para concienciar sobre la responsabilidad colectiva a la [&hellip;]<\/p>\n","protected":false},"author":17,"featured_media":42482,"comment_status":"open","ping_status":"open","sticky":false,"template":"","format":"standard","meta":{"_acf_changed":false,"footnotes":""},"categories":[387],"tags":[677,678,399],"ppma_author":[345],"class_list":{"0":"post-42481","1":"post","2":"type-post","3":"status-publish","4":"format-standard","5":"has-post-thumbnail","7":"category-bienestar-social-segovia","8":"tag-ecoembes","9":"tag-medio-ambiente","10":"tag-segovia"},"acf":[],"authors":[{"term_id":345,"user_id":17,"is_guest":0,"slug":"redaccionnacional","display_name":"Redacci\u00f3n Nacional","avatar_url":{"url":"https:\/\/social24horas.com\/contenidos\/uploads\/2024\/02\/redaccion-logo.webp","url2x":"https:\/\/social24horas.com\/contenidos\/uploads\/2024\/02\/redaccion-logo.webp"},"first_name":"","user_url":"","last_name":"","job_title":"","description":""}],"_links":{"self":[{"href":"https:\/\/social24horas.com\/api\/wp\/v2\/posts\/42481","targetHints":{"allow":["GET"]}}],"collection":[{"href":"https:\/\/social24horas.com\/api\/wp\/v2\/posts"}],"about":[{"href":"https:\/\/social24horas.com\/api\/wp\/v2\/types\/post"}],"author":[{"embeddable":true,"href":"https:\/\/social24horas.com\/api\/wp\/v2\/users\/17"}],"replies":[{"embeddable":true,"href":"https:\/\/social24horas.com\/api\/wp\/v2\/comments?post=42481"}],"version-history":[{"count":1,"href":"https:\/\/social24horas.com\/api\/wp\/v2\/posts\/42481\/revisions"}],"predecessor-version":[{"id":42483,"href":"https:\/\/social24horas.com\/api\/wp\/v2\/posts\/42481\/revisions\/42483"}],"wp:featuredmedia":[{"embeddable":true,"href":"https:\/\/social24horas.com\/api\/wp\/v2\/media\/42482"}],"wp:attachment":[{"href":"https:\/\/social24horas.com\/api\/wp\/v2\/media?parent=42481"}],"wp:term":[{"taxonomy":"category","embeddable":true,"href":"https:\/\/social24horas.com\/api\/wp\/v2\/categories?post=42481"},{"taxonomy":"post_tag","embeddable":true,"href":"https:\/\/social24horas.com\/api\/wp\/v2\/tags?post=42481"},{"taxonomy":"author","embeddable":true,"href":"https:\/\/social24horas.com\/api\/wp\/v2\/ppma_author?post=42481"}],"curies":[{"name":"wp","href":"https:\/\/api.w.org\/{rel}","templated":true}]}}