{"id":42298,"date":"2024-05-21T12:22:52","date_gmt":"2024-05-21T10:22:52","guid":{"rendered":"https:\/\/social24horas.com\/?p=42298"},"modified":"2024-05-21T12:22:52","modified_gmt":"2024-05-21T10:22:52","slug":"formacion-sobre-la-enfermedad-de-alzheimer-en-zonas-rurales-2","status":"publish","type":"post","link":"https:\/\/social24horas.com\/formacion-sobre-la-enfermedad-de-alzheimer-en-zonas-rurales-2\/","title":{"rendered":"Formaci\u00f3n sobre la Enfermedad de Alzheimer en zonas rurales"},"content":{"rendered":"<p>El viernes 24 de mayo a las 18:00<br \/>\nEn Fundaci\u00f3n Caja Cega (Plaza Mayor)<br \/>\nNo perd\u00e1is esta oportunidad de formaci\u00f3n, gracias a <strong><a href=\"https:\/\/www.ceafa.es\/es\" target=\"_blank\" rel=\"noopener\">CEAFA<\/a> <\/strong>y a los<a href=\"https:\/\/www.cinfa.com\/\" target=\"_blank\" rel=\"noopener\"><strong> Laboratorios Cinfa<\/strong><\/a><\/p>\n<p><img loading=\"lazy\" loading=\"lazy\" decoding=\"async\" class=\"aligncenter\" src=\"https:\/\/scontent-mad2-1.xx.fbcdn.net\/v\/t39.30808-6\/444165432_967569665370748_7058724977507052331_n.jpg?stp=dst-jpg_s720x720&amp;_nc_cat=110&amp;ccb=1-7&amp;_nc_sid=5f2048&amp;_nc_ohc=Z2sbcfMzYUIQ7kNvgEVBtEd&amp;_nc_ht=scontent-mad2-1.xx&amp;oh=00_AYAeb-gXpbo4yINgvHkfeVsZZbAZvl2LCu4W4ZZkuKOUzw&amp;oe=665239C7\" alt=\"Puede ser una imagen de una persona y texto que dice &quot;FORMACION SOBRE LA ENFERMEDAD DE ALZHEIMER EN ZONAS RURALES FUENTEPELAYO VIERNES 24 de MAYO a las 18:00 h. en la FUNDACI\u00d3N CEGA (Plaza Mayor) LUGAR FECHA HORA CEAFA ALZHEIMER OcinfA cinfA Nos.mueve la Nosmuevela.vida avida&quot;\" width=\"388\" height=\"549\" \/><\/p>\n","protected":false},"excerpt":{"rendered":"<p>El viernes 24 de mayo a las 18:00 En Fundaci\u00f3n Caja Cega (Plaza Mayor) No perd\u00e1is esta oportunidad de formaci\u00f3n, gracias a CEAFA y a los Laboratorios Cinfa<\/p>\n","protected":false},"author":18,"featured_media":42299,"comment_status":"open","ping_status":"open","sticky":false,"template":"","format":"standard","meta":{"_acf_changed":false,"footnotes":""},"categories":[386],"tags":[595,396,419],"ppma_author":[394],"class_list":{"0":"post-42298","1":"post","2":"type-post","3":"status-publish","4":"format-standard","5":"has-post-thumbnail","7":"category-asociaciones-segovia","8":"tag-alzheimer","9":"tag-formacion","10":"tag-informacion"},"acf":[],"authors":[{"term_id":394,"user_id":18,"is_guest":0,"slug":"redaccionsegovia","display_name":"Redacci\u00f3n Segovia","avatar_url":{"url":"https:\/\/social24horas.com\/contenidos\/uploads\/2024\/02\/redaccion-logo.webp","url2x":"https:\/\/social24horas.com\/contenidos\/uploads\/2024\/02\/redaccion-logo.webp"},"first_name":"","user_url":"","last_name":"","job_title":"","description":""}],"_links":{"self":[{"href":"https:\/\/social24horas.com\/api\/wp\/v2\/posts\/42298","targetHints":{"allow":["GET"]}}],"collection":[{"href":"https:\/\/social24horas.com\/api\/wp\/v2\/posts"}],"about":[{"href":"https:\/\/social24horas.com\/api\/wp\/v2\/types\/post"}],"author":[{"embeddable":true,"href":"https:\/\/social24horas.com\/api\/wp\/v2\/users\/18"}],"replies":[{"embeddable":true,"href":"https:\/\/social24horas.com\/api\/wp\/v2\/comments?post=42298"}],"version-history":[{"count":1,"href":"https:\/\/social24horas.com\/api\/wp\/v2\/posts\/42298\/revisions"}],"predecessor-version":[{"id":42300,"href":"https:\/\/social24horas.com\/api\/wp\/v2\/posts\/42298\/revisions\/42300"}],"wp:featuredmedia":[{"embeddable":true,"href":"https:\/\/social24horas.com\/api\/wp\/v2\/media\/42299"}],"wp:attachment":[{"href":"https:\/\/social24horas.com\/api\/wp\/v2\/media?parent=42298"}],"wp:term":[{"taxonomy":"category","embeddable":true,"href":"https:\/\/social24horas.com\/api\/wp\/v2\/categories?post=42298"},{"taxonomy":"post_tag","embeddable":true,"href":"https:\/\/social24horas.com\/api\/wp\/v2\/tags?post=42298"},{"taxonomy":"author","embeddable":true,"href":"https:\/\/social24horas.com\/api\/wp\/v2\/ppma_author?post=42298"}],"curies":[{"name":"wp","href":"https:\/\/api.w.org\/{rel}","templated":true}]}}