{"id":42267,"date":"2024-05-21T10:00:37","date_gmt":"2024-05-21T08:00:37","guid":{"rendered":"https:\/\/social24horas.com\/?p=42267"},"modified":"2024-05-21T10:24:06","modified_gmt":"2024-05-21T08:24:06","slug":"josefina-alvarez-flautista-de-profesion-y-por-vocacion","status":"publish","type":"post","link":"https:\/\/social24horas.com\/josefina-alvarez-flautista-de-profesion-y-por-vocacion\/","title":{"rendered":"Josefina \u00c1lvarez. Flautista de profesi\u00f3n y por vocaci\u00f3n."},"content":{"rendered":"<p>Como parte de la celebraci\u00f3n del 25 aniversario de la Orquesta de Flautas de Le\u00f3n, que tendr\u00e1 como cierre de curso 2024 un concierto el domingo 26 de mayo en el teatro del Nuevo recreo industrial a las 12 de la ma\u00f1ana, tenemos el placer de conversar con Josefina \u00c1lvarez Garc\u00eda, profesora de flauta en la Escuela de m\u00fasica de Valverde de la Virgen y una de las promotoras de los Seminarios de Flauta impartidos por Salvador Espasa que cumplen 25 a\u00f1os y que deriv\u00f3 en la creaci\u00f3n del la Orquesta de Flautas de Le\u00f3n.<br \/>\nJosefina es titulada superior en la especialidad de Flauta Travesera en el Conservatorio Superior de M\u00fasica \u201cEduardo Martinez Torner&#8221; de Oviedo. Desde el 2004 ha sido profesora en diferentes escuelas de la provincia. Actualmente trabaja como profesora de flauta travesera y lenguaje musical en la escuela Municipal de M\u00fasica de Valverde de la Virgen y miembro de la Orquesta de Flautas de Le\u00f3n.<\/p>\n<h6>Pero\u2026 \u00bfQui\u00e9n es Josefina?<\/h6>\n<p>Una mujer a una agenda pegada, al menos eso dicen los que me conocen. Me gusta la naturaleza y la vida social, lo que implica tener muchos planes para el fin de semana, siempre que el trabajo me lo permite. Odio el desorden y la injusticia. Soy habladora y tengo tanta mala leche como paciencia. Adem\u00e1s, soy una profe de flauta\u2026<\/p>\n<h6>\u00bfLa m\u00fasica fue algo vocacional o, como en tantos otros ni\u00f1os, fue algo obligatorio que evolucion\u00f3 en tu profesi\u00f3n?<\/h6>\n<p>Comenz\u00f3 siendo un divertido juego de ni\u00f1a y para nada ninguna obligaci\u00f3n. En la adolescencia disfrutaba estudiando m\u00fasica y tuve la suerte de contar siempre con el apoyo y la libertad de mi familia. Desde el principio tuve claro a lo que quer\u00eda dedicarme, y afortunadamente en ello estamos. Vocacional desde siempre.<\/p>\n<h6>De todos los instrumentos \u00bfPor qu\u00e9 la flauta travesera?<\/h6>\n<p>Con 9 a\u00f1os formaba parte de un coro. En cierta ocasi\u00f3n un peque\u00f1o grupo de m\u00fasicos nos acompa\u00f1ar\u00eda instrumentalmente para un concierto. Fue la primera vez que escuche una flauta travesera en directo y me quede absolutamente enamorada de su sonido. Un a\u00f1o m\u00e1s tarde estaba comenzando mis estudios de flauta en el conservatorio de Le\u00f3n. En estos 30 a\u00f1os solo he podido ampliar mi amor por este instrumento.<\/p>\n<h6>La m\u00fasica, a nivel profesional, implica constancia, disciplina, esfuerzo y much\u00edsimas horas de ensayo \u00bfC\u00f3mo se compatibiliza con el resto de las facetas de tu vida?<\/h6>\n<p>Sin duda que se puede, aunque tienes que priorizar algunas cosas y por ello prescindir de otras. Pero nunca he dejado de hacer lo que me gustaba, es cuesti\u00f3n de organizarse bien. Y aunque considero que tienes que implicar la mayor\u00eda del tiempo en esta dura profesi\u00f3n, la m\u00fasica tambi\u00e9n te aporta momentos, experiencias y amistades maravillosas que forman parte de lo que has decidido que sea tu vida.<\/p>\n<h6>\u00bfQu\u00e9 beneficios tiene la m\u00fasica en la educaci\u00f3n de los ni\u00f1os y en la vida adulta?<\/h6>\n<p>Est\u00e1 demostrado que la m\u00fasica genera bienestar y personalmente lo corroboro a diario. En la escuela, dando clases a los ni\u00f1os, compruebas como mejoran sus v\u00ednculos, su motricidad, su concentraci\u00f3n, su creatividad\u2026 En resumen, mejoran todas sus capacidades, y esto, indudablemente favorecer\u00e1 cualquier aspecto en su futuro. Con los adultos es algo m\u00e1s emocional. Adem\u00e1s de mejorar su memoria o su coordinaci\u00f3n entre otras, ganan positivismo y confianza sin dejar de divertirse.<\/p>\n<p><img data-dominant-color=\"898175\" data-has-transparency=\"false\" style=\"--dominant-color: #898175;\" loading=\"lazy\" loading=\"lazy\" decoding=\"async\" class=\"aligncenter size-large wp-image-42268 not-transparent\" src=\"https:\/\/social24horas.com\/contenidos\/uploads\/2024\/05\/Josefina-1024x576.webp\" alt=\"Josefina.\" width=\"1024\" height=\"576\" \/><\/p>\n<h6>\u00bfCrees que Le\u00f3n y sus instituciones apoyan a la m\u00fasica?<\/h6>\n<p>Siempre podr\u00eda mejorar. La mayor\u00eda de los que eligen esta carrera, ya sea por la rama de la pedagog\u00eda o por la de interpretaci\u00f3n (y en muchas ocasiones combinando ambas), mantienen en muchos casos unas condiciones laborales mejorables. Opino que todav\u00eda no hay la suficiente conciencia social de nuestra profesionalidad y dedicaci\u00f3n. A pesar de que a\u00fan queda camino por recorrer, la situaci\u00f3n musical en Le\u00f3n es buena y no ha parado de superarse en los \u00faltimos a\u00f1os.<\/p>\n<h6>La m\u00fasica ha demostrado tener numerosos beneficios a nivel f\u00edsico y emocional. \u00bfCrees que se deber\u00eda fomentar la creaci\u00f3n de coros y escuelas de m\u00fasica en centros sanitarios?<\/h6>\n<p>Sin lugar a duda. Todos sabemos que la m\u00fasica es terap\u00e9utica, y aunque ya hay asociaciones y colectivos dedicados a llevar la m\u00fasica a los centros sanitarios o geri\u00e1tricos, siguen siendo en muy escasas ocasiones. Es responsabilidad de las instituciones estabilizar estos puestos de trabajo. Mientras tanto, algunos m\u00fasicos comprometidos hacemos lo que podemos en nuestro poco tiempo libre.<\/p>\n<h6>\u00bfC\u00f3mo podemos acercar la m\u00fasica a las personas?<\/h6>\n<p>Opino que la m\u00fasica ya est\u00e1 al alcance de casi todos. Si lo que quieres es ver un concierto, la oferta musical en la ciudad es amplia y variada. Si adem\u00e1s quieres formarte en la materia, tienes a tu disposici\u00f3n numerosas opciones. No entiendo porque a veces las salas no se llenan, pero ser\u00eda beneficioso que la gente consumiera m\u00e1s m\u00fasica, sobre todo de calidad.<\/p>\n<h6>\u00bfCu\u00e1l es tu labor en los seminarios de flauta?<\/h6>\n<p>Desde sus inicios en 1999 he formado parte de esta agrupaci\u00f3n pedag\u00f3gica, dirigida por el flautista, director y compositor D. Salvador Espasa Chafer. En los \u00faltimos 9 a\u00f1os tambi\u00e9n me encargo de su organizaci\u00f3n. Soy la responsable de configurar los ensayos, su divulgaci\u00f3n o el concierto final de curso, siempre conjuntamente con el director que, adem\u00e1s, se encarga de todo lo referente a lo musical, con resultados sonoros incre\u00edbles. Resulta enriquecedor trabajar con Salva, un flautista de renombre y mejor persona.<\/p>\n<h6>Muchas gracias por tu tiempo y por mostrarnos el trabajo que realiz\u00e1is en la Escuela de m\u00fasica y en los Seminarios de flauta.<\/h6>\n<p>Os recordamos que este domingo 26 de mayo, a las 12 de la ma\u00f1ana, en el Nuevo Recreo Industrial, pod\u00e9is disfrutar del concierto de la Orquesta de Flautas de Le\u00f3n, con el director Salvador Espasa. La entrada es gratuita hasta completar aforo y una oportunidad \u00fanica de ver y o\u00edr un instrumental exclusivo formado por toda la familia de la flauta travesera, con resultados sonoros y musicales sorprendentes.<\/p>\n","protected":false},"excerpt":{"rendered":"<p>Como parte de la celebraci\u00f3n del 25 aniversario de la Orquesta de Flautas de Le\u00f3n, que tendr\u00e1 como cierre de curso 2024 un concierto el domingo 26 de mayo en el teatro del Nuevo recreo industrial a las 12 de la ma\u00f1ana, tenemos el placer de conversar con Josefina \u00c1lvarez Garc\u00eda, profesora de flauta en [&hellip;]<\/p>\n","protected":false},"author":3,"featured_media":42281,"comment_status":"open","ping_status":"open","sticky":false,"template":"","format":"standard","meta":{"_acf_changed":false,"footnotes":""},"categories":[276],"tags":[616,617,615,614,613],"ppma_author":[32],"class_list":{"0":"post-42267","1":"post","2":"type-post","3":"status-publish","4":"format-standard","5":"has-post-thumbnail","7":"category-entrevistas-leon","8":"tag-escuela-de-musica","9":"tag-josefina-alvarez","10":"tag-musica","11":"tag-orquesta-de-flautas","12":"tag-salvador-espasa"},"acf":[],"authors":[{"term_id":32,"user_id":3,"is_guest":0,"slug":"redaccionleon","display_name":"Redacci\u00f3n Le\u00f3n","avatar_url":{"url":"https:\/\/social24horas.com\/contenidos\/uploads\/2024\/02\/redaccion-logo.webp","url2x":"https:\/\/social24horas.com\/contenidos\/uploads\/2024\/02\/redaccion-logo.webp"},"first_name":"","user_url":"","last_name":"","job_title":"","description":""}],"_links":{"self":[{"href":"https:\/\/social24horas.com\/api\/wp\/v2\/posts\/42267","targetHints":{"allow":["GET"]}}],"collection":[{"href":"https:\/\/social24horas.com\/api\/wp\/v2\/posts"}],"about":[{"href":"https:\/\/social24horas.com\/api\/wp\/v2\/types\/post"}],"author":[{"embeddable":true,"href":"https:\/\/social24horas.com\/api\/wp\/v2\/users\/3"}],"replies":[{"embeddable":true,"href":"https:\/\/social24horas.com\/api\/wp\/v2\/comments?post=42267"}],"version-history":[{"count":3,"href":"https:\/\/social24horas.com\/api\/wp\/v2\/posts\/42267\/revisions"}],"predecessor-version":[{"id":42273,"href":"https:\/\/social24horas.com\/api\/wp\/v2\/posts\/42267\/revisions\/42273"}],"wp:featuredmedia":[{"embeddable":true,"href":"https:\/\/social24horas.com\/api\/wp\/v2\/media\/42281"}],"wp:attachment":[{"href":"https:\/\/social24horas.com\/api\/wp\/v2\/media?parent=42267"}],"wp:term":[{"taxonomy":"category","embeddable":true,"href":"https:\/\/social24horas.com\/api\/wp\/v2\/categories?post=42267"},{"taxonomy":"post_tag","embeddable":true,"href":"https:\/\/social24horas.com\/api\/wp\/v2\/tags?post=42267"},{"taxonomy":"author","embeddable":true,"href":"https:\/\/social24horas.com\/api\/wp\/v2\/ppma_author?post=42267"}],"curies":[{"name":"wp","href":"https:\/\/api.w.org\/{rel}","templated":true}]}}