{"id":42169,"date":"2024-05-15T08:47:23","date_gmt":"2024-05-15T06:47:23","guid":{"rendered":"https:\/\/social24horas.com\/?p=42169"},"modified":"2024-05-15T08:55:39","modified_gmt":"2024-05-15T06:55:39","slug":"formacion-sobre-la-enfermedad-de-alzheimer-en-zonas-rurales","status":"publish","type":"post","link":"https:\/\/social24horas.com\/formacion-sobre-la-enfermedad-de-alzheimer-en-zonas-rurales\/","title":{"rendered":"Formaci\u00f3n sobre la Enfermedad de Alzheimer en Zonas Rurales"},"content":{"rendered":"<p>Ser\u00e1 en el <strong>Centro de D\u00eda de Personas Mayores de la Gerencia de Servicios Sociales, a las 18:00h<\/strong><br \/>\nNo perd\u00e1is la oportunidad de conocer un poco m\u00e1s sobre los s\u00edntomas, diagn\u00f3stico, tratamiento y estrategias de apoyo a los cuidadores<br \/>\nEs una iniciativa de <a href=\"https:\/\/www.ceafa.es\/es\" target=\"_blank\" rel=\"noopener\">https:\/\/www.ceafa.es\/es<\/a> y\u00a0<a href=\"https:\/\/cinfasalud.cinfa.com\/\" target=\"_blank\" rel=\"noopener\">https:\/\/cinfasalud.cinfa.com\/<\/a>\u00a0que nos da la oportunidad de llegar a la provincia.<\/p>\n","protected":false},"excerpt":{"rendered":"<p>Ser\u00e1 en el Centro de D\u00eda de Personas Mayores de la Gerencia de Servicios Sociales, a las 18:00h No perd\u00e1is la oportunidad de conocer un poco m\u00e1s sobre los s\u00edntomas, diagn\u00f3stico, tratamiento y estrategias de apoyo a los cuidadores Es una iniciativa de https:\/\/www.ceafa.es\/es y\u00a0https:\/\/cinfasalud.cinfa.com\/\u00a0que nos da la oportunidad de llegar a la provincia.<\/p>\n","protected":false},"author":18,"featured_media":42174,"comment_status":"open","ping_status":"open","sticky":false,"template":"","format":"standard","meta":{"_acf_changed":false,"footnotes":""},"categories":[386,1],"tags":[595,396,419],"ppma_author":[394],"class_list":{"0":"post-42169","1":"post","2":"type-post","3":"status-publish","4":"format-standard","5":"has-post-thumbnail","7":"category-asociaciones-segovia","8":"category-nacional","9":"tag-alzheimer","10":"tag-formacion","11":"tag-informacion"},"acf":[],"authors":[{"term_id":394,"user_id":18,"is_guest":0,"slug":"redaccionsegovia","display_name":"Redacci\u00f3n Segovia","avatar_url":{"url":"https:\/\/social24horas.com\/contenidos\/uploads\/2024\/02\/redaccion-logo.webp","url2x":"https:\/\/social24horas.com\/contenidos\/uploads\/2024\/02\/redaccion-logo.webp"},"first_name":"","user_url":"","last_name":"","job_title":"","description":""}],"_links":{"self":[{"href":"https:\/\/social24horas.com\/api\/wp\/v2\/posts\/42169","targetHints":{"allow":["GET"]}}],"collection":[{"href":"https:\/\/social24horas.com\/api\/wp\/v2\/posts"}],"about":[{"href":"https:\/\/social24horas.com\/api\/wp\/v2\/types\/post"}],"author":[{"embeddable":true,"href":"https:\/\/social24horas.com\/api\/wp\/v2\/users\/18"}],"replies":[{"embeddable":true,"href":"https:\/\/social24horas.com\/api\/wp\/v2\/comments?post=42169"}],"version-history":[{"count":1,"href":"https:\/\/social24horas.com\/api\/wp\/v2\/posts\/42169\/revisions"}],"predecessor-version":[{"id":42176,"href":"https:\/\/social24horas.com\/api\/wp\/v2\/posts\/42169\/revisions\/42176"}],"wp:featuredmedia":[{"embeddable":true,"href":"https:\/\/social24horas.com\/api\/wp\/v2\/media\/42174"}],"wp:attachment":[{"href":"https:\/\/social24horas.com\/api\/wp\/v2\/media?parent=42169"}],"wp:term":[{"taxonomy":"category","embeddable":true,"href":"https:\/\/social24horas.com\/api\/wp\/v2\/categories?post=42169"},{"taxonomy":"post_tag","embeddable":true,"href":"https:\/\/social24horas.com\/api\/wp\/v2\/tags?post=42169"},{"taxonomy":"author","embeddable":true,"href":"https:\/\/social24horas.com\/api\/wp\/v2\/ppma_author?post=42169"}],"curies":[{"name":"wp","href":"https:\/\/api.w.org\/{rel}","templated":true}]}}