{"id":41818,"date":"2024-04-29T11:50:04","date_gmt":"2024-04-29T09:50:04","guid":{"rendered":"https:\/\/social24horas.com\/?p=41818"},"modified":"2024-04-29T11:50:04","modified_gmt":"2024-04-29T09:50:04","slug":"la-marcha-de-mujeres-tendra-lugar-el-5-de-mayo-bajo-el-lema-conexion-vital","status":"publish","type":"post","link":"https:\/\/social24horas.com\/la-marcha-de-mujeres-tendra-lugar-el-5-de-mayo-bajo-el-lema-conexion-vital\/","title":{"rendered":"La Marcha de Mujeres tendr\u00e1 lugar el 5 de mayo bajo el lema \u201cConexi\u00f3n Vital\u201d"},"content":{"rendered":"<p>Las organizadoras han se\u00f1alado que el esp\u00edritu de la Marcha se encuentra en esa <strong>\u201cconexi\u00f3n vital,<\/strong> una <strong>fuerza que nos une y nos impulsa, una alianza entre mujeres que recorren las calles de Segovia\u201d<\/strong>. El regidor segoviano ha hecho tambi\u00e9n referencia al lema de esta edici\u00f3n porque \u201c<strong>la Marcha ha conseguido crear conexiones afectivas entre todas las participantes, da gusto ver a mujeres, madres, hijas, abuelas, nietas y amigas, caminando juntas por las calles de Segovia<\/strong>\u201d, a lo que la concejala de Servicios Sociales ha a\u00f1adido que no s\u00f3lo es una fecha que se guarda en el calendario, sino que adem\u00e1s \u201c<strong>permite a las mujeres segovianas avanzar juntas en el camino hacia la igualdad\u201d<\/strong>.<\/p>\n<p>La Marcha, de 5 kil\u00f3metros, tendr\u00e1 lugar el<strong> domingo 5 de mayo, D\u00eda de la Madre.<\/strong> El <strong>recorrido<\/strong> presenta alguna variaci\u00f3n con respecto a otros a\u00f1os por las obras que se est\u00e1n llevando a cabo en la ciudad. <strong>Partir\u00e1n de la Plaza Mayor, a las 11.00 horas,<\/strong> pero <strong>ir\u00e1n por la calle San Frutos y la plaza del Socorro hasta llegar a Ezequiel Gonz\u00e1lez donde retomar\u00e1n el camino habitual. Bajar\u00e1n por la avenida de la Constituci\u00f3n y en la plaza de la Universidad subir\u00e1n por la calle Ortiz de Paz, para llegar por Jos\u00e9 Zorrilla hasta la Plaza de Somorrostro, continuar despu\u00e9s por calle de la Independencia, Gobernador Fern\u00e1ndez Jim\u00e9nez, y avenida del Acueducto, para llegar, alrededor de las 12.00 horas, a la plaza del Azoguejo y en la plaza de la Artiller\u00eda<\/strong>, reunirse todas las participantes para realizar la habitual figura a los pies del monumento, de la que se obtendr\u00e1 una fotograf\u00eda a\u00e9rea que se ha convertido, seg\u00fan ha se\u00f1alado el regidor segoviano, en carta de presentaci\u00f3n de la ciudad.<\/p>\n<p>Las <strong>inscripciones<\/strong> pueden realizarse en <strong>Wasabi y Paramita Yoga,<\/strong> establecimientos ubicados en la calle San Francisco; la cuota es de <strong>8 euros<\/strong> y las camisetas que se entregar\u00e1n se han dise\u00f1ado con la imagen del a\u00f1o pasado. La Marcha de Mujeres vuelve a unir deporte y solidaridad y todo lo <strong>recaudado<\/strong> ir\u00e1 <strong>destinado a<\/strong> diferentes <strong>asociaciones y entidades<\/strong> entre las que se encuentran el <strong>Banco de Alimentos, la Asociaci\u00f3n de Familiares de Alzheimer de Segovia y la Asociaci\u00f3n de Esclerosis M\u00faltiple.<\/strong><\/p>\n<p>A lo largo de estos a\u00f1os, la Marcha Mujeres de Segovia<strong> ha repartido entre diferentes entidades segovianas m\u00e1s de 150.000 euros.<\/strong><\/p>\n","protected":false},"excerpt":{"rendered":"<p>Las organizadoras han se\u00f1alado que el esp\u00edritu de la Marcha se encuentra en esa \u201cconexi\u00f3n vital, una fuerza que nos une y nos impulsa, una alianza entre mujeres que recorren las calles de Segovia\u201d. El regidor segoviano ha hecho tambi\u00e9n referencia al lema de esta edici\u00f3n porque \u201cla Marcha ha conseguido crear conexiones afectivas entre [&hellip;]<\/p>\n","protected":false},"author":18,"featured_media":41823,"comment_status":"open","ping_status":"open","sticky":false,"template":"","format":"standard","meta":{"_acf_changed":false,"footnotes":""},"categories":[387],"tags":[522,419,474],"ppma_author":[394],"class_list":{"0":"post-41818","1":"post","2":"type-post","3":"status-publish","4":"format-standard","5":"has-post-thumbnail","7":"category-bienestar-social-segovia","8":"tag-carrera-de-la-mujer","9":"tag-informacion","10":"tag-solidaridad"},"acf":[],"authors":[{"term_id":394,"user_id":18,"is_guest":0,"slug":"redaccionsegovia","display_name":"Redacci\u00f3n Segovia","avatar_url":{"url":"https:\/\/social24horas.com\/contenidos\/uploads\/2024\/02\/redaccion-logo.webp","url2x":"https:\/\/social24horas.com\/contenidos\/uploads\/2024\/02\/redaccion-logo.webp"},"first_name":"","user_url":"","last_name":"","job_title":"","description":""}],"_links":{"self":[{"href":"https:\/\/social24horas.com\/api\/wp\/v2\/posts\/41818","targetHints":{"allow":["GET"]}}],"collection":[{"href":"https:\/\/social24horas.com\/api\/wp\/v2\/posts"}],"about":[{"href":"https:\/\/social24horas.com\/api\/wp\/v2\/types\/post"}],"author":[{"embeddable":true,"href":"https:\/\/social24horas.com\/api\/wp\/v2\/users\/18"}],"replies":[{"embeddable":true,"href":"https:\/\/social24horas.com\/api\/wp\/v2\/comments?post=41818"}],"version-history":[{"count":1,"href":"https:\/\/social24horas.com\/api\/wp\/v2\/posts\/41818\/revisions"}],"predecessor-version":[{"id":41824,"href":"https:\/\/social24horas.com\/api\/wp\/v2\/posts\/41818\/revisions\/41824"}],"wp:featuredmedia":[{"embeddable":true,"href":"https:\/\/social24horas.com\/api\/wp\/v2\/media\/41823"}],"wp:attachment":[{"href":"https:\/\/social24horas.com\/api\/wp\/v2\/media?parent=41818"}],"wp:term":[{"taxonomy":"category","embeddable":true,"href":"https:\/\/social24horas.com\/api\/wp\/v2\/categories?post=41818"},{"taxonomy":"post_tag","embeddable":true,"href":"https:\/\/social24horas.com\/api\/wp\/v2\/tags?post=41818"},{"taxonomy":"author","embeddable":true,"href":"https:\/\/social24horas.com\/api\/wp\/v2\/ppma_author?post=41818"}],"curies":[{"name":"wp","href":"https:\/\/api.w.org\/{rel}","templated":true}]}}