{"id":41678,"date":"2024-04-23T19:20:06","date_gmt":"2024-04-23T17:20:06","guid":{"rendered":"https:\/\/social24horas.com\/?p=41678"},"modified":"2024-04-24T09:05:51","modified_gmt":"2024-04-24T07:05:51","slug":"el-papa-francisco-el-papa-mas-uapo","status":"publish","type":"post","link":"https:\/\/social24horas.com\/el-papa-francisco-el-papa-mas-uapo\/","title":{"rendered":"El Papa Francisco, el Papa m\u00e1s UAPO"},"content":{"rendered":"<p>El Papa Francisco ha mantenido una conversaci\u00f3n con los representantes de la Fundaci\u00f3n despu\u00e9s de la audiencia ha mostrado un gran inter\u00e9s \u00a0por la labor que desarrollan con los pacientes oncol\u00f3gicos, siendo curioso que a su Santidad le ha resultado gracioso que se llame UAPO.<\/p>\n<p>Han compartido con \u00e9l la misi\u00f3n que tiene la Fundaci\u00f3n y como tratan a los &#8220;atletas&#8221;, que as\u00ed es como se llama a los pacientes, \u00a0de manera gratuita.<\/p>\n<p>Francisco, humildemente ha bendecido a los valientes atletas y les ha mostrado su total apoyo a esta bonita y necesaria causa para que sigan tratando cada vez a m\u00e1s personas de manera altruista y con unos resultados realmente excepcionales.<\/p>\n<p><strong>Javier C\u00e1novas<\/strong> es el Director y uno de los fundadores de la <a href=\"https:\/\/www.fundacionuapo.org\" target=\"_blank\" rel=\"noopener\">UAPO<\/a>, junto a su amigo Jes\u00fas Candel, Spiriman, hace ya unos tres a\u00f1os, pudo despedirse de su Santidad con unas sabias palabras: <strong>&#8220;Usted es un Papa UAPO&#8221;<\/strong><\/p>\n<p>&nbsp;<\/p>\n<figure id=\"attachment_41681\" aria-describedby=\"caption-attachment-41681\" style=\"width: 706px\" class=\"wp-caption aligncenter\"><img data-dominant-color=\"7f7a83\" data-has-transparency=\"false\" style=\"--dominant-color: #7f7a83;\" loading=\"lazy\" loading=\"lazy\" decoding=\"async\" class=\"wp-image-41681 not-transparent\" src=\"https:\/\/social24horas.com\/contenidos\/uploads\/2024\/04\/WhatsApp-Image-2024-04-23-at-18.32.21-jpeg.webp\" alt=\"LA UAPO CON EL PAPA\" width=\"706\" height=\"592\" \/><figcaption id=\"caption-attachment-41681\" class=\"wp-caption-text\">Javier C\u00e1novas, Director de la Fundaci\u00f3n UAPO, saludando al Papa Francisco<\/figcaption><\/figure>\n<h6>SOBRE LA UAPO<\/h6>\n<p>Actualmente tratan 23 tipos distintos de c\u00e1ncer , en un rango de edad entre los 3 a los 82 a\u00f1os, intentando paliar y minimizar los efectos secundarios del tratamiento agresivo que reciben, a trav\u00e9s de lo que se denomina <strong>oncolog\u00eda integrativa<\/strong>, siendo un elemento <strong>coayudante<\/strong> al tratamiento m\u00e9dico.<\/p>\n<p>Lo interesante es que se adapta de manera individualizada a cada uno de los Atletas, teniendo en cuenta su propia condici\u00f3n f\u00edsica, y as\u00ed el equipo de profesionales ,que trabajan de manera <strong>interdisciplinar<\/strong>, analizan el historial m\u00e9dico, las patolog\u00edas, las anal\u00edticas, etc&#8230; y confeccionan un tratamiento personalizado desde el campo nutricional, psicol\u00f3gico, ejercicio f\u00edsico y fisioterapia.<\/p>\n<p><strong>Pascual Candel<\/strong>, hermano de Jes\u00fas, valora la experiencia como algo \u00fanico: &#8220;Poder presentarle al Papa Francisco el trabajo que realizamos d\u00eda a d\u00eda en la Fundaci\u00f3n todos los profesionales y sobre todo el gran esfuerzo que realizan nuestros atletas para poder superar esta terrible enfermedad, es para mi un honor dif\u00edcilmente superable. Ahora su Santidad sabe de primera mano que la <a href=\"https:\/\/www.fundacionuapo.org\" target=\"_blank\" rel=\"noopener\">UAPO<\/a> es algo m\u00e1s que una Fundaci\u00f3n&#8221;.<\/p>\n<figure id=\"attachment_41679\" aria-describedby=\"caption-attachment-41679\" style=\"width: 706px\" class=\"wp-caption aligncenter\"><img data-dominant-color=\"79747e\" data-has-transparency=\"false\" style=\"--dominant-color: #79747e;\" loading=\"lazy\" loading=\"lazy\" decoding=\"async\" class=\"wp-image-41679 not-transparent\" src=\"https:\/\/social24horas.com\/contenidos\/uploads\/2024\/04\/WhatsApp-Image-2024-04-23-at-18.32.20-jpeg.webp\" alt=\"LA UAPO CON EL PAPA\" width=\"706\" height=\"592\" \/><figcaption id=\"caption-attachment-41679\" class=\"wp-caption-text\">Pascual Candel, Director de Desarrollo de la UAPO, saludando al Papa Francisco<\/figcaption><\/figure>\n<p>&nbsp;<\/p>\n<h6>No podemos olvidar que todo esto es posible gracias a la aportaci\u00f3n solidaria de personas y empresas y t\u00fa puedes &#8220;ayudar a seguir ayudando&#8221; que es el lema de la <a href=\"https:\/\/www.fundacionuapo.org\" target=\"_blank\" rel=\"noopener\">Fundaci\u00f3n UAPO<\/a>.<\/h6>\n<p>&nbsp;<\/p>\n<p>&nbsp;<\/p>\n<p>&nbsp;<\/p>\n<p>&nbsp;<\/p>\n","protected":false},"excerpt":{"rendered":"<p>El Papa Francisco ha mantenido una conversaci\u00f3n con los representantes de la Fundaci\u00f3n despu\u00e9s de la audiencia ha mostrado un gran inter\u00e9s \u00a0por la labor que desarrollan con los pacientes oncol\u00f3gicos, siendo curioso que a su Santidad le ha resultado gracioso que se llame UAPO. Han compartido con \u00e9l la misi\u00f3n que tiene la Fundaci\u00f3n [&hellip;]<\/p>\n","protected":false},"author":13,"featured_media":41682,"comment_status":"open","ping_status":"open","sticky":false,"template":"","format":"standard","meta":{"_acf_changed":false,"footnotes":""},"categories":[1],"tags":[280,502,503],"ppma_author":[288],"class_list":{"0":"post-41678","1":"post","2":"type-post","3":"status-publish","4":"format-standard","5":"has-post-thumbnail","7":"category-nacional","8":"tag-fundacion-uapo","9":"tag-papa-francisco","10":"tag-vaticano"},"acf":[],"authors":[{"term_id":288,"user_id":13,"is_guest":0,"slug":"oscariglesias","display_name":"\u00d3scar Iglesias","avatar_url":{"url":"https:\/\/social24horas.com\/contenidos\/uploads\/2024\/02\/oscar-iglesias.png","url2x":"https:\/\/social24horas.com\/contenidos\/uploads\/2024\/02\/oscar-iglesias.png"},"first_name":"\u00d3scar","user_url":"","last_name":"Iglesias","job_title":"","description":""}],"_links":{"self":[{"href":"https:\/\/social24horas.com\/api\/wp\/v2\/posts\/41678","targetHints":{"allow":["GET"]}}],"collection":[{"href":"https:\/\/social24horas.com\/api\/wp\/v2\/posts"}],"about":[{"href":"https:\/\/social24horas.com\/api\/wp\/v2\/types\/post"}],"author":[{"embeddable":true,"href":"https:\/\/social24horas.com\/api\/wp\/v2\/users\/13"}],"replies":[{"embeddable":true,"href":"https:\/\/social24horas.com\/api\/wp\/v2\/comments?post=41678"}],"version-history":[{"count":3,"href":"https:\/\/social24horas.com\/api\/wp\/v2\/posts\/41678\/revisions"}],"predecessor-version":[{"id":41690,"href":"https:\/\/social24horas.com\/api\/wp\/v2\/posts\/41678\/revisions\/41690"}],"wp:featuredmedia":[{"embeddable":true,"href":"https:\/\/social24horas.com\/api\/wp\/v2\/media\/41682"}],"wp:attachment":[{"href":"https:\/\/social24horas.com\/api\/wp\/v2\/media?parent=41678"}],"wp:term":[{"taxonomy":"category","embeddable":true,"href":"https:\/\/social24horas.com\/api\/wp\/v2\/categories?post=41678"},{"taxonomy":"post_tag","embeddable":true,"href":"https:\/\/social24horas.com\/api\/wp\/v2\/tags?post=41678"},{"taxonomy":"author","embeddable":true,"href":"https:\/\/social24horas.com\/api\/wp\/v2\/ppma_author?post=41678"}],"curies":[{"name":"wp","href":"https:\/\/api.w.org\/{rel}","templated":true}]}}