{"id":41209,"date":"2024-04-04T08:47:55","date_gmt":"2024-04-04T06:47:55","guid":{"rendered":"https:\/\/social24horas.com\/?p=41209"},"modified":"2024-04-04T11:48:15","modified_gmt":"2024-04-04T09:48:15","slug":"la-asociacion-protagoniza-el-12-meses-12-causas-de-abril-impulsado-por-mediaset-espana","status":"publish","type":"post","link":"https:\/\/social24horas.com\/la-asociacion-protagoniza-el-12-meses-12-causas-de-abril-impulsado-por-mediaset-espana\/","title":{"rendered":"La Asociaci\u00f3n protagoniza el \u201912 meses, 12 causas\u2019 de abril impulsado por Mediaset Espa\u00f1a"},"content":{"rendered":"<p>Un acuerdo enmarcado en el programa social del grupo Mediaset \u201912 meses, 12 causas\u2019, y en \u2018Todos Contra el C\u00e1ncer, promovido por la Asociaci\u00f3n.<\/p>\n<p>A trav\u00e9s de este acuerdo se abordar\u00e1n diferentes temas relacionados con la prevenci\u00f3n del c\u00e1ncer como el tabaco, los h\u00e1bitos de vida saludables o la detecci\u00f3n precoz del c\u00e1ncer, imprescindible para aumentar la supervivencia. <strong>El spot \u201c12 meses, 12 causas\u201d del mes de abril<\/strong> girar\u00e1 en torno a la <strong>prevenci\u00f3n<\/strong>, y en especial a la <strong>reducci\u00f3n del consumo de tabaco<\/strong>, primera causa de muerte evitable en Espa\u00f1a y en el mundo.<\/p>\n","protected":false},"excerpt":{"rendered":"<p>Un acuerdo enmarcado en el programa social del grupo Mediaset \u201912 meses, 12 causas\u2019, y en \u2018Todos Contra el C\u00e1ncer, promovido por la Asociaci\u00f3n. A trav\u00e9s de este acuerdo se abordar\u00e1n diferentes temas relacionados con la prevenci\u00f3n del c\u00e1ncer como el tabaco, los h\u00e1bitos de vida saludables o la detecci\u00f3n precoz del c\u00e1ncer, imprescindible para [&hellip;]<\/p>\n","protected":false},"author":18,"featured_media":41250,"comment_status":"open","ping_status":"open","sticky":false,"template":"","format":"standard","meta":{"_acf_changed":false,"footnotes":""},"categories":[385],"tags":[420,419,421],"ppma_author":[394],"class_list":{"0":"post-41209","1":"post","2":"type-post","3":"status-publish","4":"format-standard","5":"has-post-thumbnail","7":"category-segovia","8":"tag-cancer","9":"tag-informacion","10":"tag-nacional"},"acf":[],"authors":[{"term_id":394,"user_id":18,"is_guest":0,"slug":"redaccionsegovia","display_name":"Redacci\u00f3n Segovia","avatar_url":{"url":"https:\/\/social24horas.com\/contenidos\/uploads\/2024\/02\/redaccion-logo.webp","url2x":"https:\/\/social24horas.com\/contenidos\/uploads\/2024\/02\/redaccion-logo.webp"},"first_name":"","user_url":"","last_name":"","job_title":"","description":""}],"_links":{"self":[{"href":"https:\/\/social24horas.com\/api\/wp\/v2\/posts\/41209","targetHints":{"allow":["GET"]}}],"collection":[{"href":"https:\/\/social24horas.com\/api\/wp\/v2\/posts"}],"about":[{"href":"https:\/\/social24horas.com\/api\/wp\/v2\/types\/post"}],"author":[{"embeddable":true,"href":"https:\/\/social24horas.com\/api\/wp\/v2\/users\/18"}],"replies":[{"embeddable":true,"href":"https:\/\/social24horas.com\/api\/wp\/v2\/comments?post=41209"}],"version-history":[{"count":4,"href":"https:\/\/social24horas.com\/api\/wp\/v2\/posts\/41209\/revisions"}],"predecessor-version":[{"id":41249,"href":"https:\/\/social24horas.com\/api\/wp\/v2\/posts\/41209\/revisions\/41249"}],"wp:featuredmedia":[{"embeddable":true,"href":"https:\/\/social24horas.com\/api\/wp\/v2\/media\/41250"}],"wp:attachment":[{"href":"https:\/\/social24horas.com\/api\/wp\/v2\/media?parent=41209"}],"wp:term":[{"taxonomy":"category","embeddable":true,"href":"https:\/\/social24horas.com\/api\/wp\/v2\/categories?post=41209"},{"taxonomy":"post_tag","embeddable":true,"href":"https:\/\/social24horas.com\/api\/wp\/v2\/tags?post=41209"},{"taxonomy":"author","embeddable":true,"href":"https:\/\/social24horas.com\/api\/wp\/v2\/ppma_author?post=41209"}],"curies":[{"name":"wp","href":"https:\/\/api.w.org\/{rel}","templated":true}]}}