{"id":39708,"date":"2024-02-28T08:37:02","date_gmt":"2024-02-28T07:37:02","guid":{"rendered":"https:\/\/social24horas.com\/?p=39708"},"modified":"2024-02-28T08:39:01","modified_gmt":"2024-02-28T07:39:01","slug":"el-ayuntamiento-de-leon-presenta-un-amplio-programa-de-actividades-para-conmemorar-el-dia-internacional-de-la-mujer","status":"publish","type":"post","link":"https:\/\/social24horas.com\/el-ayuntamiento-de-leon-presenta-un-amplio-programa-de-actividades-para-conmemorar-el-dia-internacional-de-la-mujer\/","title":{"rendered":"El Ayuntamiento de Le\u00f3n presenta un amplio programa de actividades para conmemorar el D\u00eda Internacional de la Mujer."},"content":{"rendered":"<p>Un a\u00f1o m\u00e1s el<strong>\u00a0Ayuntamiento de Le\u00f3n<\/strong>\u00a0se vuelca con los actos conmemorativos del D\u00eda de la Mujer. Una amplia programaci\u00f3n que este martes ha sido presentada por la\u00a0<strong>concejala de Igualdad, Mercedes Escudero,\u00a0<\/strong>acompa\u00f1ada por la compositora y cantante\u00a0leonesa\u00a0<strong>Ruth Marco<\/strong>s, y la representante del colectivo &#8216;Guardianas de lo nuestro&#8217;,\u00a0<strong>Cristina Izquierdo<\/strong>, quienes participar\u00e1n en esta programaci\u00f3n del 8M.<\/p>\n<p>Al mismo tiempo que se han dado a conocer la veintena de actos que conforman el calendario de actividades se ha mostrado el cartel de esta edici\u00f3n, que bajo el lema &#8216;Juntas Avanzamos&#8217; exhibe la imagen &#8216;El Turbante&#8217; cedida por la artista Carolina Rodr\u00edguez Anieva.<\/p>\n<p>&#8220;Un lema, un mensaje, y una aspiraci\u00f3n que refleja la importancia de esta jornada, la necesidad de la misma, la obligaci\u00f3n si se quiere de remarcar la relevancia de todos y cada uno de los actos que acompa\u00f1an este d\u00eda&#8221;, ha remarcado Mercedes Escudero.<\/p>\n<h2><strong>Amplio programa<\/strong><\/h2>\n<p>La concejala ha destacado que &#8220;desde el Ayuntamiento de Le\u00f3n, junto con el resto de instituciones, asociaciones y colectivos, hemos elaborado un amplio programa que arropa el 8M. Unos actos que han tenido su punto de partida este mismo lunes y que se extiende hasta el d\u00eda 24 de marzo con esa jornada del d\u00eda 8 como eje de las acciones que se van a realizar durante estas semanas&#8221;.<\/p>\n<p>Actividades culturales, de participaci\u00f3n, educativas, sociales y deportivas dan forma a una programaci\u00f3n que continuar\u00e1 el pr\u00f3ximo viernes con las actividades previstas por el colectivo de mujeres creadoras &#8216;Guardianas de lo nuestro&#8217; que unir\u00e1 generaciones de mujeres en la danza expresiva de creaci\u00f3n y las mujeres de la tradici\u00f3n los d\u00edas 1 y 2.<\/p>\n<p>\u201cNuestro objetivo es dar presencia a las mujeres que no la han tenido, uniendo generaciones y vinculando a mujeres pioneras con ni\u00f1as que est\u00e1n en la escuela&#8221;, ha asegurado Cristina Izquierdo en representaci\u00f3n de este colectivo.<\/p>\n<p>En paralelo tambi\u00e9n tendr\u00e1 lugar la apertura de la exposici\u00f3n &#8216;De ni\u00f1a a cient\u00edfica&#8217; en el Centro C\u00edvico El Crucero.<\/p>\n<p>Danza, cuentacuentos, poes\u00eda y un foro en femenino conformar\u00e1n las jornadas previas a la jornada del 8M, en la que todo el protagonismo se ceder\u00e1 a las dos manifestaciones previstas en ese d\u00eda.<\/p>\n<h2><strong>Rut Marcos<\/strong><\/h2>\n<p>La concejala de Igualdad, Mercedes Escudero, ha destacado que en &#8220;los \u00faltimos a\u00f1os se han logrado m\u00faltiples avances en materia de igualdad. Sin embargo, todos somos conscientes de que siguen existiendo desequilibrios y brechas de g\u00e9nero en diferentes \u00e1mbitos que entre todos debemos corregir&#8221;.<\/p>\n<p>De ah\u00ed, tambi\u00e9n ha advertido, &#8220;que siga resultado imprescindible programar y realizar estos actos en torno al 8M&#8221;. Y todo ello en una apuesta por las pol\u00edticas p\u00fablicas de igualdad &#8220;y por acciones de educaci\u00f3n, sensibilizaci\u00f3n y concienciaci\u00f3n para as\u00ed lograr una sociedad m\u00e1s igualitaria&#8221;.<\/p>\n<p>La programaci\u00f3n del D\u00eda de la Mujer se extender\u00e1 as\u00ed con mon\u00f3logos, &#8216;abrazos en femenino&#8217; y mesas redondas hasta alcanzar el d\u00eda 16 el concierto de Rut Marcos &#8216;De la L\u00edrica al Sprock&#8217; en el Conservatorio \u00c1ngel Barja (19:00 horas, entrada libre hasta completar aforo). La protagonista en este concierto ha asegurado que se trata de un \u201cintimista con todas las influencias musicales que he tenido, entre ellas grandes mujeres que dejaron su sello en mi trayectoria&#8221;.<\/p>\n<h2><strong>Invitaci\u00f3n a la participaci\u00f3n<\/strong><\/h2>\n<p>La presentaci\u00f3n del libro &#8216;El \u00fanico camino&#8217;, un homenaje a &#8216;Eva Gonz\u00e1lez, dama de la lengua leonesa&#8217;, el ciclo Letras en la Buhardilla con Balbina Jim\u00e9nez como poeta invitada y el III Torneo Internacional de f\u00fatbol femenino &#8216;Ol\u00edmpico Girls Cup&#8217; cerrar\u00e1n el amplio programa previsto por el Ayuntamiento de le\u00f3n.<\/p>\n<p>&#8220;El objetivo de la igualdad es compartido, nos une y nos compromete. De ah\u00ed la invitaci\u00f3n al conjunto de la sociedad leonesa para que participe en todos y cada uno de los actos que conforman esta programaci\u00f3n&#8221;, ha concluido Mercedes Escudero.<\/p>\n<p>Vea aqu\u00ed el programa completo de actividades: <a href=\"https:\/\/www.aytoleon.es\/es\/actualidad\/noticias\/articulos\/SiteAssets\/Lists\/EntradasDeBlog\/AllPosts\/8MProgramaci%C3%B3n%20D%C3%ADa%20Internacional%20de%20la%20Mujer.pdf\" target=\"_blank\" rel=\"noopener\"><img decoding=\"async\" class=\"ms-asset-icon ms-rtePosition-4\" src=\"https:\/\/www.aytoleon.es\/_layouts\/15\/images\/icpdf.png\" alt=\"\" \/>8MProgramaci\u00f3n D\u00eda Internacional de la Mujer.pdf<\/a><\/p>\n","protected":false},"excerpt":{"rendered":"<p>Un a\u00f1o m\u00e1s el\u00a0Ayuntamiento de Le\u00f3n\u00a0se vuelca con los actos conmemorativos del D\u00eda de la Mujer. Una amplia programaci\u00f3n que este martes ha sido presentada por la\u00a0concejala de Igualdad, Mercedes Escudero,\u00a0acompa\u00f1ada por la compositora y cantante\u00a0leonesa\u00a0Ruth Marcos, y la representante del colectivo &#8216;Guardianas de lo nuestro&#8217;,\u00a0Cristina Izquierdo, quienes participar\u00e1n en esta programaci\u00f3n del 8M. Al [&hellip;]<\/p>\n","protected":false},"author":3,"featured_media":39709,"comment_status":"open","ping_status":"open","sticky":false,"template":"","format":"standard","meta":{"_acf_changed":false,"footnotes":""},"categories":[329],"tags":[315,349,340],"ppma_author":[32],"class_list":{"0":"post-39708","1":"post","2":"type-post","3":"status-publish","4":"format-standard","5":"has-post-thumbnail","7":"category-bienestar-social-leon","8":"tag-ayuntamiento-de-leon","9":"tag-dia-de-la-mujer","10":"tag-dia-mundial"},"acf":[],"authors":[{"term_id":32,"user_id":3,"is_guest":0,"slug":"redaccionleon","display_name":"Redacci\u00f3n Le\u00f3n","avatar_url":{"url":"https:\/\/social24horas.com\/contenidos\/uploads\/2024\/02\/redaccion-logo.webp","url2x":"https:\/\/social24horas.com\/contenidos\/uploads\/2024\/02\/redaccion-logo.webp"},"first_name":"","user_url":"","last_name":"","job_title":"","description":""}],"_links":{"self":[{"href":"https:\/\/social24horas.com\/api\/wp\/v2\/posts\/39708","targetHints":{"allow":["GET"]}}],"collection":[{"href":"https:\/\/social24horas.com\/api\/wp\/v2\/posts"}],"about":[{"href":"https:\/\/social24horas.com\/api\/wp\/v2\/types\/post"}],"author":[{"embeddable":true,"href":"https:\/\/social24horas.com\/api\/wp\/v2\/users\/3"}],"replies":[{"embeddable":true,"href":"https:\/\/social24horas.com\/api\/wp\/v2\/comments?post=39708"}],"version-history":[{"count":1,"href":"https:\/\/social24horas.com\/api\/wp\/v2\/posts\/39708\/revisions"}],"predecessor-version":[{"id":39710,"href":"https:\/\/social24horas.com\/api\/wp\/v2\/posts\/39708\/revisions\/39710"}],"wp:featuredmedia":[{"embeddable":true,"href":"https:\/\/social24horas.com\/api\/wp\/v2\/media\/39709"}],"wp:attachment":[{"href":"https:\/\/social24horas.com\/api\/wp\/v2\/media?parent=39708"}],"wp:term":[{"taxonomy":"category","embeddable":true,"href":"https:\/\/social24horas.com\/api\/wp\/v2\/categories?post=39708"},{"taxonomy":"post_tag","embeddable":true,"href":"https:\/\/social24horas.com\/api\/wp\/v2\/tags?post=39708"},{"taxonomy":"author","embeddable":true,"href":"https:\/\/social24horas.com\/api\/wp\/v2\/ppma_author?post=39708"}],"curies":[{"name":"wp","href":"https:\/\/api.w.org\/{rel}","templated":true}]}}